{"id":96,"date":"2017-09-19T17:14:23","date_gmt":"2017-09-19T15:14:23","guid":{"rendered":"http:\/\/35.156.251.224\/?p=96"},"modified":"2018-01-08T15:00:36","modified_gmt":"2018-01-08T13:00:36","slug":"96","status":"publish","type":"post","link":"https:\/\/www.matkailutoimittajienkilta.fi\/blog\/96\/","title":{"rendered":"Kulttuuriravintola Elite sailytti kasvonsa"},"content":{"rendered":"<h1 class=\"single_post\">Kulttuuriravintola Elite sailytti kasvonsa<\/h1>\n<p class=\"blog_date\">Keskiviikko\u00a025.5.2016<\/p>\n<p>&nbsp;<\/p>\n<p><strong style=\"font-size: 14px;\">T\u00f6\u00f6l\u00f6n klassinen kulttuuriravintola Elite k\u00e4vi l\u00e4pi mittavan remontin, jonka p\u00e4\u00e4paino oli<\/strong><\/p>\n<div id=\"content1\">\n<p><strong>entisen ilmeen s\u00e4ilytt\u00e4misess\u00e4. Jatkuva yhteisty\u00f6 taiteilijakoti Lallukan kanssa tuo<\/strong><br \/>\n<strong>ravintolaan vaihtuvan taidev\u00fcnin ja kiert\u00e4v\u00e4n n\u00e4yttelyn.<\/strong><\/p>\n<p><em>Teksti Eero Nokela Kuvat Eero Nokela ja Elite<\/em><\/p>\n<p>Kun kuulee sanan remontti tai kasvojen pesu, kylm\u00e4 hiki hiipii selk\u00e4rankaan. Eliteen astuessaan nuo\u00a0pelot voi unohtaa, sill\u00e4 kaunis ravintolasali n\u00e4ytt\u00e4\u00e4 t\u00e4sm\u00e4lleen samanlaiselta kuin se on ollut\u00a0vuosikymmenet. Puupanelointi hiottiin ja sein\u00e4t maalattiin, messinkiyksityiskohdat kiillotettiin ja\u00a0vanha istuinkalusto sai uudet jouset ja p\u00e4\u00e4llysteet. Nyt kaikki on kuin uutta, kirkasta ja raikasta.<\/p>\n<p>Vuodesta 1938 saman t\u00f6\u00f6l\u00f6l\u00e4iskerrostalon kivijalassa toiminut Elite on n\u00e4hnyt julkkisten tulevan ja\u00a0menev\u00e4n, kulttuuriv\u00e4ki on j\u00e4tt\u00e4nyt sinne \u201dmerkkins\u00e4\u201d, yh\u00e4 legendaarisen n\u00e4yttelij\u00e4\u00a0<strong>Tauno Palon<\/strong>\u00a0nimell\u00e4 ruokalistan sipulipihvi tekee kauppansa satam\u00e4\u00e4rin viikossa, seini\u00e4 koristavat tutut taulut,\u00a0mutta uuttakin on tulossa. Kiert\u00e4v\u00e4 n\u00e4yttely on siit\u00e4 esimerkki. Eliten baarin\u00e4yttelytila annetaan<br \/>\n<em>Lallukan<\/em>\u00a0kuratoitavaksi.<\/p>\n<p>\u201dOlemme ylpeit\u00e4 siit\u00e4, ett\u00e4 nyt tehty\u00e4 remonttia ei periaatteessa tarvitse edes huomata. Tuttu ja<br \/>\nturvallinen klassikko jatkaa linjallaan my\u00f6s ruokalistansa osalta\u201d, ravintolap\u00e4\u00e4llikk\u00f6\u00a0<strong>Tiina Partti\u00a0<\/strong>kertoo. Tauno Palon pihvin lis\u00e4ksi vakiolistalla jatkavat l\u00e4skisoosi ja vorschmack, joka kantaa<br \/>\nlegendaarisen vahtimestarin\u00a0<strong>Vladimir Gusevin<\/strong>\u00a050-Vuotisjuhlan kunniaksi Vovan nime\u00e4. Uutta<br \/>\nElitess\u00e4 on laajentunut ruokailuterassi. Se on nyt 60-paikkainen, my\u00f6s puiston keskell\u00e4 sijaitsevaa\u00a0baariterassia on \u201dvetreytetty\u201d.<\/p>\n<p>Elite on kielt\u00e4m\u00e4tt\u00e4 ainutlaatuinen suomalainen kulttuuri- ja taiteilijaravintola. Sen ottivat jo<br \/>\nalkuvuosina olohuoneekseen maamme suosituimmat ja palkituimmat n\u00e4yttelij\u00e4t, muusikot,<br \/>\nkirjailijat, tanssijat ja kuvataiteilij at, joiden teokset koristavat yh\u00e4 Eliten seini\u00e4. Nyt Elitess\u00e4<br \/>\nviihtyv\u00e4t kokonaiset perheet.<\/p>\n<p>Elite lanseeraa nyt oman taideviinin. \u201dSen etikettitaiteilijana aloittaa mestarillinen akvarellisti\u00a0<strong>Senja\u00a0Vellonen<\/strong>, jonka teos Watercolours from the grapes koristaa sek\u00e4 punaisen ett\u00e4 valkoisen taideviinin\u00a0kylke\u00e4\u201d, Tiina Partti kertoo. T\u00e4m\u00e4kin on osa yhteisty\u00f6t\u00e4 Lallukan kanssa.<\/p>\n<div id=\"attachment_826\" style=\"width: 926px\" class=\"wp-caption alignnone\"><img loading=\"lazy\" decoding=\"async\" aria-describedby=\"caption-attachment-826\" class=\"wp-image-826 size-full\" src=\"https:\/\/i0.wp.com\/www.matkailutoimittajienkilta.fi\/blog\/wp-content\/uploads\/2017\/09\/wp_20160517_11_59_58_pro.jpg?resize=702%2C1251&#038;ssl=1\" alt=\"\" width=\"702\" height=\"1251\" srcset=\"https:\/\/i0.wp.com\/www.matkailutoimittajienkilta.fi\/blog\/wp-content\/uploads\/2017\/09\/wp_20160517_11_59_58_pro.jpg?w=916&amp;ssl=1 916w, https:\/\/i0.wp.com\/www.matkailutoimittajienkilta.fi\/blog\/wp-content\/uploads\/2017\/09\/wp_20160517_11_59_58_pro.jpg?resize=168%2C300&amp;ssl=1 168w, https:\/\/i0.wp.com\/www.matkailutoimittajienkilta.fi\/blog\/wp-content\/uploads\/2017\/09\/wp_20160517_11_59_58_pro.jpg?resize=768%2C1368&amp;ssl=1 768w, https:\/\/i0.wp.com\/www.matkailutoimittajienkilta.fi\/blog\/wp-content\/uploads\/2017\/09\/wp_20160517_11_59_58_pro.jpg?resize=575%2C1024&amp;ssl=1 575w\" sizes=\"(max-width: 702px) 100vw, 702px\" data-recalc-dims=\"1\" \/><p id=\"caption-attachment-826\" class=\"wp-caption-text\">Ravintola Eliten nimikkoviinien etikettitaiteilijana aloittaa akvarellisti Senja Vellonen. T\u00e4ss\u00e4 valko- ja punaviinipullot uudessa kuoressa.<\/p><\/div>\n<div id=\"attachment_827\" style=\"width: 926px\" class=\"wp-caption alignnone\"><img loading=\"lazy\" decoding=\"async\" aria-describedby=\"caption-attachment-827\" class=\"wp-image-827 size-full\" src=\"https:\/\/i0.wp.com\/www.matkailutoimittajienkilta.fi\/blog\/wp-content\/uploads\/2017\/09\/wp_20160517_13_17_00_pro.jpg?resize=702%2C1251&#038;ssl=1\" alt=\"\" width=\"702\" height=\"1251\" srcset=\"https:\/\/i0.wp.com\/www.matkailutoimittajienkilta.fi\/blog\/wp-content\/uploads\/2017\/09\/wp_20160517_13_17_00_pro.jpg?w=916&amp;ssl=1 916w, https:\/\/i0.wp.com\/www.matkailutoimittajienkilta.fi\/blog\/wp-content\/uploads\/2017\/09\/wp_20160517_13_17_00_pro.jpg?resize=168%2C300&amp;ssl=1 168w, https:\/\/i0.wp.com\/www.matkailutoimittajienkilta.fi\/blog\/wp-content\/uploads\/2017\/09\/wp_20160517_13_17_00_pro.jpg?resize=768%2C1368&amp;ssl=1 768w, https:\/\/i0.wp.com\/www.matkailutoimittajienkilta.fi\/blog\/wp-content\/uploads\/2017\/09\/wp_20160517_13_17_00_pro.jpg?resize=575%2C1024&amp;ssl=1 575w\" sizes=\"(max-width: 702px) 100vw, 702px\" data-recalc-dims=\"1\" \/><p id=\"caption-attachment-827\" class=\"wp-caption-text\">Eliten legedaarisella vahtimestari Vladimir Gusevilla on takanaan 50\u00a0 vuotta, mutta yh\u00e4 h\u00e4n haluaa palvella asiakkaita aina hyv\u00e4ntuulisena ja\u00a0 asiallisena. Ravintolan yht\u00e4 legendaarinen vorschmack on nyt nimelt\u00e4\u00e4n\u00a0 Vovan vorschmack.<\/p><\/div>\n<\/div>\n<p>&nbsp;<\/p>\n<p><img loading=\"lazy\" decoding=\"async\" class=\"size-full wp-image-828\" src=\"https:\/\/i0.wp.com\/www.matkailutoimittajienkilta.fi\/blog\/wp-content\/uploads\/2017\/09\/lbafpalhlomknnpi.jpg?resize=702%2C468&#038;ssl=1\" alt=\"\" width=\"702\" height=\"468\" srcset=\"https:\/\/i0.wp.com\/www.matkailutoimittajienkilta.fi\/blog\/wp-content\/uploads\/2017\/09\/lbafpalhlomknnpi.jpg?w=5683&amp;ssl=1 5683w, https:\/\/i0.wp.com\/www.matkailutoimittajienkilta.fi\/blog\/wp-content\/uploads\/2017\/09\/lbafpalhlomknnpi.jpg?resize=300%2C200&amp;ssl=1 300w, https:\/\/i0.wp.com\/www.matkailutoimittajienkilta.fi\/blog\/wp-content\/uploads\/2017\/09\/lbafpalhlomknnpi.jpg?resize=768%2C512&amp;ssl=1 768w, https:\/\/i0.wp.com\/www.matkailutoimittajienkilta.fi\/blog\/wp-content\/uploads\/2017\/09\/lbafpalhlomknnpi.jpg?resize=1024%2C683&amp;ssl=1 1024w, https:\/\/i0.wp.com\/www.matkailutoimittajienkilta.fi\/blog\/wp-content\/uploads\/2017\/09\/lbafpalhlomknnpi.jpg?w=1404&amp;ssl=1 1404w, https:\/\/i0.wp.com\/www.matkailutoimittajienkilta.fi\/blog\/wp-content\/uploads\/2017\/09\/lbafpalhlomknnpi.jpg?w=2106&amp;ssl=1 2106w\" sizes=\"(max-width: 702px) 100vw, 702px\" data-recalc-dims=\"1\" \/><\/p>\n<p><img loading=\"lazy\" decoding=\"async\" class=\"size-full wp-image-825\" src=\"https:\/\/i0.wp.com\/www.matkailutoimittajienkilta.fi\/blog\/wp-content\/uploads\/2017\/09\/ockpghifafggjbim.jpg?resize=702%2C468&#038;ssl=1\" alt=\"\" width=\"702\" height=\"468\" srcset=\"https:\/\/i0.wp.com\/www.matkailutoimittajienkilta.fi\/blog\/wp-content\/uploads\/2017\/09\/ockpghifafggjbim.jpg?w=5718&amp;ssl=1 5718w, https:\/\/i0.wp.com\/www.matkailutoimittajienkilta.fi\/blog\/wp-content\/uploads\/2017\/09\/ockpghifafggjbim.jpg?resize=300%2C200&amp;ssl=1 300w, https:\/\/i0.wp.com\/www.matkailutoimittajienkilta.fi\/blog\/wp-content\/uploads\/2017\/09\/ockpghifafggjbim.jpg?resize=768%2C512&amp;ssl=1 768w, https:\/\/i0.wp.com\/www.matkailutoimittajienkilta.fi\/blog\/wp-content\/uploads\/2017\/09\/ockpghifafggjbim.jpg?resize=1024%2C683&amp;ssl=1 1024w, https:\/\/i0.wp.com\/www.matkailutoimittajienkilta.fi\/blog\/wp-content\/uploads\/2017\/09\/ockpghifafggjbim.jpg?w=1404&amp;ssl=1 1404w, https:\/\/i0.wp.com\/www.matkailutoimittajienkilta.fi\/blog\/wp-content\/uploads\/2017\/09\/ockpghifafggjbim.jpg?w=2106&amp;ssl=1 2106w\" sizes=\"(max-width: 702px) 100vw, 702px\" data-recalc-dims=\"1\" \/><\/p>\n","protected":false},"excerpt":{"rendered":"<p>Kulttuuriravintola Elite sailytti kasvonsa Keskiviikko\u00a025.5.2016 &nbsp; T\u00f6\u00f6l\u00f6n klassinen kulttuuriravintola Elite k\u00e4vi l\u00e4pi mittavan remontin, jonka p\u00e4\u00e4paino oli entisen ilmeen s\u00e4ilytt\u00e4misess\u00e4. Jatkuva yhteisty\u00f6 taiteilijakoti Lallukan kanssa tuo ravintolaan vaihtuvan taidev\u00fcnin ja kiert\u00e4v\u00e4n n\u00e4yttelyn. Teksti Eero Nokela Kuvat Eero Nokela ja Elite Kun kuulee sanan remontti tai kasvojen pesu, kylm\u00e4 hiki hiipii selk\u00e4rankaan. Eliteen astuessaan nuo\u00a0pelot voi<\/p>\n<div class=\"read-more\"><a href=\"https:\/\/www.matkailutoimittajienkilta.fi\/blog\/96\/\" title=\"Read More\">Read More<\/a><\/div>\n","protected":false},"author":15,"featured_media":97,"comment_status":"open","ping_status":"open","sticky":false,"template":"","format":"standard","meta":{"footnotes":""},"categories":[36],"tags":[75],"jetpack_sharing_enabled":true,"jetpack_featured_media_url":"https:\/\/i0.wp.com\/www.matkailutoimittajienkilta.fi\/blog\/wp-content\/uploads\/2017\/09\/Elite2.jpg?fit=3680%2C2560&ssl=1","_links":{"self":[{"href":"https:\/\/www.matkailutoimittajienkilta.fi\/blog\/wp-json\/wp\/v2\/posts\/96"}],"collection":[{"href":"https:\/\/www.matkailutoimittajienkilta.fi\/blog\/wp-json\/wp\/v2\/posts"}],"about":[{"href":"https:\/\/www.matkailutoimittajienkilta.fi\/blog\/wp-json\/wp\/v2\/types\/post"}],"author":[{"embeddable":true,"href":"https:\/\/www.matkailutoimittajienkilta.fi\/blog\/wp-json\/wp\/v2\/users\/15"}],"replies":[{"embeddable":true,"href":"https:\/\/www.matkailutoimittajienkilta.fi\/blog\/wp-json\/wp\/v2\/comments?post=96"}],"version-history":[{"count":7,"href":"https:\/\/www.matkailutoimittajienkilta.fi\/blog\/wp-json\/wp\/v2\/posts\/96\/revisions"}],"predecessor-version":[{"id":830,"href":"https:\/\/www.matkailutoimittajienkilta.fi\/blog\/wp-json\/wp\/v2\/posts\/96\/revisions\/830"}],"wp:featuredmedia":[{"embeddable":true,"href":"https:\/\/www.matkailutoimittajienkilta.fi\/blog\/wp-json\/wp\/v2\/media\/97"}],"wp:attachment":[{"href":"https:\/\/www.matkailutoimittajienkilta.fi\/blog\/wp-json\/wp\/v2\/media?parent=96"}],"wp:term":[{"taxonomy":"category","embeddable":true,"href":"https:\/\/www.matkailutoimittajienkilta.fi\/blog\/wp-json\/wp\/v2\/categories?post=96"},{"taxonomy":"post_tag","embeddable":true,"href":"https:\/\/www.matkailutoimittajienkilta.fi\/blog\/wp-json\/wp\/v2\/tags?post=96"}],"curies":[{"name":"wp","href":"https:\/\/api.w.org\/{rel}","templated":true}]}}