{"id":83,"date":"2017-09-19T16:42:19","date_gmt":"2017-09-19T14:42:19","guid":{"rendered":"http:\/\/35.156.251.224\/?p=83"},"modified":"2018-01-08T17:48:46","modified_gmt":"2018-01-08T15:48:46","slug":"pyhan-patrikin-paiva-new-yorkissa","status":"publish","type":"post","link":"https:\/\/www.matkailutoimittajienkilta.fi\/blog\/pyhan-patrikin-paiva-new-yorkissa\/","title":{"rendered":"Jotain vihre\u00e4\u00e4 ylle 17. maaliskuuta!"},"content":{"rendered":"<div class=\"madpages_component\">\n<div class=\"kskpage_title_comp\">\n<h1 id=\"madpages_element_title_2_1\" class=\"madpages_element\" data-ksk-type=\"title\" data-ksk-el-id=\"2_1\"><b style=\"font-size: 14px; color: #606569;\">Satoi tai paistoi, New Yorkin 5th Avenuella on 17. maaliskuuta takuuvarmasti riehakas tunnelma! Silloin juhlitaan irlantilaisten suojeluspyhimyksen Pyh\u00e4n Patrikin p\u00e4iv\u00e4\u00e4.<\/b><\/h1>\n<\/div>\n<\/div>\n<div class=\"madpages_component\">\n<div class=\"kskpage_text_comp\">\n<div id=\"madpages_element_paragraph_3_1\" class=\"madpages_element madpages_paragraph \" data-ksk-type=\"paragraph\" data-ksk-el-id=\"3_1\"><i>Teksti ja kuvat Marja-Liisa Kinturi<\/i>St\u00a0 Patrick&#8217;s Dayn paraati kokoaa sek\u00e4 marssimaan ett\u00e4 katujen varsille satojatuhansia enemm\u00e4n tai v\u00e4hemm\u00e4n vihre\u00e4\u00e4n sonnustautuneita juhlijoita. Sit\u00e4, jolla ei ole t\u00e4n\u00e4 p\u00e4iv\u00e4n\u00e4 vihre\u00e4\u00e4 yll\u00e4\u00e4n, saa nimitt\u00e4in perinteen mukaan nipist\u00e4\u00e4.<\/div>\n<\/div>\n<\/div>\n<div class=\"madpages_component\">\n<div class=\"madpages_image_container className \"><\/div>\n<div class=\"madpages_image_container className \">\n<div id=\"attachment_967\" style=\"width: 322px\" class=\"wp-caption alignleft\"><img loading=\"lazy\" decoding=\"async\" aria-describedby=\"caption-attachment-967\" class=\"wp-image-967 size-full\" src=\"https:\/\/i0.wp.com\/www.matkailutoimittajienkilta.fi\/blog\/wp-content\/uploads\/2017\/09\/vihreita__hattuja-0818_312x.jpg?resize=312%2C364&#038;ssl=1\" alt=\"\" width=\"312\" height=\"364\" srcset=\"https:\/\/i0.wp.com\/www.matkailutoimittajienkilta.fi\/blog\/wp-content\/uploads\/2017\/09\/vihreita__hattuja-0818_312x.jpg?w=312&amp;ssl=1 312w, https:\/\/i0.wp.com\/www.matkailutoimittajienkilta.fi\/blog\/wp-content\/uploads\/2017\/09\/vihreita__hattuja-0818_312x.jpg?resize=257%2C300&amp;ssl=1 257w\" sizes=\"(max-width: 312px) 100vw, 312px\" data-recalc-dims=\"1\" \/><p id=\"caption-attachment-967\" class=\"wp-caption-text\">Irlantilainen tai ei, ylle jotain vihre\u00e4\u00e4&#8230;<\/p><\/div>\n<div id=\"attachment_966\" style=\"width: 322px\" class=\"wp-caption alignleft\"><img loading=\"lazy\" decoding=\"async\" aria-describedby=\"caption-attachment-966\" class=\"wp-image-966 size-full\" src=\"https:\/\/i0.wp.com\/www.matkailutoimittajienkilta.fi\/blog\/wp-content\/uploads\/2017\/09\/vihreita_hattuja-0819_312x.jpg?resize=312%2C376&#038;ssl=1\" alt=\"\" width=\"312\" height=\"376\" srcset=\"https:\/\/i0.wp.com\/www.matkailutoimittajienkilta.fi\/blog\/wp-content\/uploads\/2017\/09\/vihreita_hattuja-0819_312x.jpg?w=312&amp;ssl=1 312w, https:\/\/i0.wp.com\/www.matkailutoimittajienkilta.fi\/blog\/wp-content\/uploads\/2017\/09\/vihreita_hattuja-0819_312x.jpg?resize=249%2C300&amp;ssl=1 249w\" sizes=\"(max-width: 312px) 100vw, 312px\" data-recalc-dims=\"1\" \/><p id=\"caption-attachment-966\" class=\"wp-caption-text\">&#8230;muuten on lupa nipist\u00e4\u00e4.<\/p><\/div>\n<\/div>\n<\/div>\n<div class=\"madpages_component\">\n<div class=\"kskpage_text_comp\">\n<div data-ksk-type=\"paragraph\" data-ksk-el-id=\"5_1\"><\/div>\n<div data-ksk-type=\"paragraph\" data-ksk-el-id=\"5_1\"><\/div>\n<div data-ksk-type=\"paragraph\" data-ksk-el-id=\"5_1\"><\/div>\n<div data-ksk-type=\"paragraph\" data-ksk-el-id=\"5_1\"><\/div>\n<div data-ksk-type=\"paragraph\" data-ksk-el-id=\"5_1\"><\/div>\n<div data-ksk-type=\"paragraph\" data-ksk-el-id=\"5_1\"><\/div>\n<div data-ksk-type=\"paragraph\" data-ksk-el-id=\"5_1\"><\/div>\n<div data-ksk-type=\"paragraph\" data-ksk-el-id=\"5_1\"><\/div>\n<div data-ksk-type=\"paragraph\" data-ksk-el-id=\"5_1\"><\/div>\n<div data-ksk-type=\"paragraph\" data-ksk-el-id=\"5_1\"><\/div>\n<div data-ksk-type=\"paragraph\" data-ksk-el-id=\"5_1\"><\/div>\n<div data-ksk-type=\"paragraph\" data-ksk-el-id=\"5_1\"><\/div>\n<div data-ksk-type=\"paragraph\" data-ksk-el-id=\"5_1\"><\/div>\n<div data-ksk-type=\"paragraph\" data-ksk-el-id=\"5_1\"><\/div>\n<div data-ksk-type=\"paragraph\" data-ksk-el-id=\"5_1\"><\/div>\n<div data-ksk-type=\"paragraph\" data-ksk-el-id=\"5_1\"><\/div>\n<div data-ksk-type=\"paragraph\" data-ksk-el-id=\"5_1\"><\/div>\n<div data-ksk-type=\"paragraph\" data-ksk-el-id=\"5_1\"><\/div>\n<div id=\"madpages_element_paragraph_5_1\" class=\"madpages_element madpages_paragraph \" data-ksk-type=\"paragraph\" data-ksk-el-id=\"5_1\">Paraatissa on mukana silmiinpist\u00e4v\u00e4n paljon poliiseja &#8211; luulisi kaupungin rikollisilla olevan samoin juhlap\u00e4iv\u00e4! Poliisikunnasta huomattavan suurella osalla on nimitt\u00e4in irlantilaiset juuret. Tunnelma kadun varrella on riehakkaan vapautunut, ja jalkak\u00e4yt\u00e4v\u00e4n reunalle eturiviin tunkeutuneet lapset ojentavat innokkaasti k\u00e4si\u00e4\u00e4n ohimarssijoiden l\u00e4psytelt\u00e4viksi.<\/div>\n<\/div>\n<\/div>\n<div class=\"madpages_component\">\n<div class=\"madpages_image_container className \">\n<div id=\"attachment_965\" style=\"width: 660px\" class=\"wp-caption alignnone\"><img loading=\"lazy\" decoding=\"async\" aria-describedby=\"caption-attachment-965\" class=\"size-full wp-image-965\" src=\"https:\/\/i0.wp.com\/www.matkailutoimittajienkilta.fi\/blog\/wp-content\/uploads\/2017\/09\/poliisit_marssilla-0808_650x.jpg?resize=650%2C488&#038;ssl=1\" alt=\"\" width=\"650\" height=\"488\" srcset=\"https:\/\/i0.wp.com\/www.matkailutoimittajienkilta.fi\/blog\/wp-content\/uploads\/2017\/09\/poliisit_marssilla-0808_650x.jpg?w=650&amp;ssl=1 650w, https:\/\/i0.wp.com\/www.matkailutoimittajienkilta.fi\/blog\/wp-content\/uploads\/2017\/09\/poliisit_marssilla-0808_650x.jpg?resize=300%2C225&amp;ssl=1 300w\" sizes=\"(max-width: 650px) 100vw, 650px\" data-recalc-dims=\"1\" \/><p id=\"caption-attachment-965\" class=\"wp-caption-text\">T\u00e4\u00e4ll\u00e4 taitavat marssia kaikki New Yorkin poliisit?<\/p><\/div>\n<p>&nbsp;<\/p>\n<p class=\"madpages_caption_holder \"><b style=\"font-size: 14px;\">Paraateja ja vihre\u00e4ksi v\u00e4rj\u00e4ttyj\u00e4 vesi\u00e4<\/b><\/p>\n<\/div>\n<\/div>\n<div class=\"madpages_component\">\n<div class=\"kskpage_text_comp\">\n<div id=\"madpages_element_paragraph_7_1\" class=\"madpages_element madpages_paragraph \" data-ksk-type=\"paragraph\" data-ksk-el-id=\"7_1\">\n<p>Orjaksi Irlantiin vuonna 400 siepattu britti St. Patrick oli keskeinen henkil\u00f6 irlantilaisten k\u00e4\u00e4nnytt\u00e4misess\u00e4 kristinuskoon. H\u00e4n onnistui pakenemaan orjuudesta, mutta palasi Irlantiin ja perusti sinne luostareita, kouluja ja kirkkoja. Pyh\u00e4n Patrikin p\u00e4iv\u00e4\u00e4 17. maaliskuuta vietet\u00e4\u00e4n h\u00e4nen kuolemansa muistoksi.New Yorkissa Pyh\u00e4n Patrikin p\u00e4iv\u00e4n paraati j\u00e4rjestettiin ensimm\u00e4isen kerran vuonna 1762, ja sielt\u00e4 tapa on levinnyt moniin muihinkin Yhdysvaltain kaupunkeihin, mm. Chicagoon, miss\u00e4 on paljon sukujuuriltaan irlantilaisia. Vuodesta 1961 Chicago on v\u00e4rj\u00e4nnyt p\u00e4iv\u00e4n kunniaksi jokensa vedet vihreiksi, ja esimerkiksi Savannahissa keskustan suihkukaivojen vedet v\u00e4rj\u00e4t\u00e4\u00e4n vihreiksi.<\/p>\n<\/div>\n<\/div>\n<\/div>\n<div class=\"madpages_component\">\n<div class=\"madpages_image_container madpages_image_text_container className \">\n<div id=\"attachment_969\" style=\"width: 322px\" class=\"wp-caption alignnone\"><img loading=\"lazy\" decoding=\"async\" aria-describedby=\"caption-attachment-969\" class=\"size-full wp-image-969\" src=\"https:\/\/i0.wp.com\/www.matkailutoimittajienkilta.fi\/blog\/wp-content\/uploads\/2017\/09\/isan_harteilla-0804_312x.jpg?resize=312%2C386&#038;ssl=1\" alt=\"\" width=\"312\" height=\"386\" srcset=\"https:\/\/i0.wp.com\/www.matkailutoimittajienkilta.fi\/blog\/wp-content\/uploads\/2017\/09\/isan_harteilla-0804_312x.jpg?w=312&amp;ssl=1 312w, https:\/\/i0.wp.com\/www.matkailutoimittajienkilta.fi\/blog\/wp-content\/uploads\/2017\/09\/isan_harteilla-0804_312x.jpg?resize=242%2C300&amp;ssl=1 242w\" sizes=\"(max-width: 312px) 100vw, 312px\" data-recalc-dims=\"1\" \/><p id=\"caption-attachment-969\" class=\"wp-caption-text\">Is\u00e4n harteilta on kaupungin paras n\u00e4k\u00f6ala paraatiin.<\/p><\/div>\n<\/div>\n<div class=\"kskpage_text_comp\">\n<div id=\"madpages_element_paragraph_8_2\" class=\"madpages_element madpages_paragraph \" data-ksk-type=\"paragraph\" data-ksk-el-id=\"8_2\">\n<p><b>Juhlijoita ja katselijoita<\/b><\/p>\n<p>&#8211; Nuorempana juhlin Pyh\u00e4n Patrikin p\u00e4iv\u00e4\u00e4, mutta en en\u00e4\u00e4, vastaa newyorkilaisen suunnittelutoimiston Ready 366:n toimitusjohtaja\u00a0<i>Susan Palombo<\/i>.<\/p>\n<p>&#8211; St. Patrick&#8217;s Day on kaikkien amerikkalaisten juhla, ei vain niiden, joilla on irlantilaiset sukujuuret. Tunnelma on kevyt ja iloinen. Monet ottavat p\u00e4iv\u00e4n tai ainakin iltap\u00e4iv\u00e4n vapaaksi.<\/p>\n<p>Juhlap\u00e4iv\u00e4st\u00e4 on h\u00e4nen mielest\u00e4\u00e4n tullut vain perin alkoholipitoinen:<br \/>\n&#8211; Varsinkin nuoret kokoontuvat baareihin juomaan vihre\u00e4\u00e4 olutta!<\/p>\n<p>Itse Susan Palombo ei ole koskaan osallistunut paraatiin muutoin kuin yleis\u00f6n\u00e4 kadun varrella.<br \/>\n&#8211; Mukana paraatissa on paljon poliiseja ja palomiehi\u00e4, sill\u00e4 heid\u00e4n joukossaan on paljon niit\u00e4, joilla on irlantilaiset sukujuuret.<\/p>\n<p><b>P\u00e4\u00e4lleliimattua irlantilaisuutta<br \/>\n<\/b><br \/>\n&#8211; Vaikka olen puoliksi irlantilainen, en ole koskaan osallistunut paraatiin t\u00e4\u00e4ll\u00e4 New Yorkissa, sanoo 3. Avenuella ty\u00f6skentelev\u00e4 Advertising Agen videouutisista vastaava tuottaja Hoag Levins.<\/p>\n<p>Yhten\u00e4 syyn\u00e4 on modernin mediatalon murskaava ty\u00f6tahti &#8211; toimistosta ei yksinkertaisesti voi livahtaa ulos kesken p\u00e4iv\u00e4n.<\/p>\n<p>&#8211; Toinen syy on sitten tapahtuman koomiset piirteet. Manhattanin metrot ja bussit ovat tupaten t\u00e4ynn\u00e4 hilpeit\u00e4 matkustajia, jotka pelleilev\u00e4t hassuissa hatuissaan ja vihreiss\u00e4 asuissaan. Irlantilaisuus on paljon enemm\u00e4n kuin mit\u00e4 t\u00e4m\u00e4 New Yorkin p\u00e4\u00e4lle liimattu Pyh\u00e4n Patrikin p\u00e4iv\u00e4n perinne edustaa. En pid\u00e4 siit\u00e4, mit\u00e4 New Yorkissa tehd\u00e4\u00e4n Irlannin suojeluspyhimyksen nimiss\u00e4. Ei varmasti H\u00c4N itsek\u00e4\u00e4n, jos h\u00e4n palaisi katsomaan\u00a0 menoa.<\/p>\n<p><b>Irlantilaisuutta kansojen sulatusuunissa<br \/>\n<\/b><br \/>\n&#8211; Jokainen on irlantilainen Pyh\u00e4n Patrikin p\u00e4iv\u00e4n\u00e4 New Yorkissa!\u00a0<i>Laura Winterhalter<\/i>, American-Scandinavian Fooundationin New Yorkissa sijaitsevan myym\u00e4l\u00e4n johtaja vastaa kysymykseen, viett\u00e4\u00e4k\u00f6 h\u00e4n sit\u00e4 itse.<\/p>\n<p>&#8211; Panen ylleni jotain vihre\u00e4\u00e4, menen katsomaan upeaa paraatia ja sy\u00f6n jossain monista Manhattanin irlantilaisista pubeista jotain perinteist\u00e4 ruokaa: kaalia ja suolalihaa sek\u00e4 nautin tuopin Guinnessia.<\/p>\n<p>Paraati ja St. Patrick&#8217;s Day -perinne muistuttavat h\u00e4nelle, millainen kansojen sulatusuuni Amerikka on.<br \/>\n&#8211; &#8230;ja on hauska katsella isoa joukkoa vantteria miehi\u00e4 hameissa!<\/p>\n<\/div>\n<\/div>\n<\/div>\n<div class=\"madpages_component\">\n<div class=\"madpages_image_container className \">\n<div id=\"attachment_968\" style=\"width: 660px\" class=\"wp-caption alignnone\"><img loading=\"lazy\" decoding=\"async\" aria-describedby=\"caption-attachment-968\" class=\"wp-image-968 size-full\" src=\"https:\/\/i0.wp.com\/www.matkailutoimittajienkilta.fi\/blog\/wp-content\/uploads\/2017\/09\/sakkipillin_soittajia-0810_kopio_650x.jpg?resize=650%2C557&#038;ssl=1\" alt=\"\" width=\"650\" height=\"557\" srcset=\"https:\/\/i0.wp.com\/www.matkailutoimittajienkilta.fi\/blog\/wp-content\/uploads\/2017\/09\/sakkipillin_soittajia-0810_kopio_650x.jpg?w=650&amp;ssl=1 650w, https:\/\/i0.wp.com\/www.matkailutoimittajienkilta.fi\/blog\/wp-content\/uploads\/2017\/09\/sakkipillin_soittajia-0810_kopio_650x.jpg?resize=300%2C257&amp;ssl=1 300w\" sizes=\"(max-width: 650px) 100vw, 650px\" data-recalc-dims=\"1\" \/><p id=\"caption-attachment-968\" class=\"wp-caption-text\">St. Patrick&#8217;s Day on kaikkien amerikkalaisten juhla, ei vain niiden, joilla on irlantilaiset sukujuuret.<\/p><\/div>\n<\/div>\n<\/div>\n","protected":false},"excerpt":{"rendered":"<p>Satoi tai paistoi, New Yorkin 5th Avenuella on 17. maaliskuuta takuuvarmasti riehakas tunnelma! Silloin juhlitaan irlantilaisten suojeluspyhimyksen Pyh\u00e4n Patrikin p\u00e4iv\u00e4\u00e4. Teksti ja kuvat Marja-Liisa KinturiSt\u00a0 Patrick&#8217;s Dayn paraati kokoaa sek\u00e4 marssimaan ett\u00e4 katujen varsille satojatuhansia enemm\u00e4n tai v\u00e4hemm\u00e4n vihre\u00e4\u00e4n sonnustautuneita juhlijoita. Sit\u00e4, jolla ei ole t\u00e4n\u00e4 p\u00e4iv\u00e4n\u00e4 vihre\u00e4\u00e4 yll\u00e4\u00e4n, saa nimitt\u00e4in perinteen mukaan nipist\u00e4\u00e4. Paraatissa<\/p>\n<div class=\"read-more\"><a href=\"https:\/\/www.matkailutoimittajienkilta.fi\/blog\/pyhan-patrikin-paiva-new-yorkissa\/\" title=\"Read More\">Read More<\/a><\/div>\n","protected":false},"author":15,"featured_media":86,"comment_status":"open","ping_status":"open","sticky":false,"template":"","format":"standard","meta":{"footnotes":""},"categories":[4],"tags":[74],"jetpack_sharing_enabled":true,"jetpack_featured_media_url":"https:\/\/i0.wp.com\/www.matkailutoimittajienkilta.fi\/blog\/wp-content\/uploads\/2017\/09\/sakkipillinsoittajia-0812_kopio_650x.jpg?fit=650%2C590&ssl=1","_links":{"self":[{"href":"https:\/\/www.matkailutoimittajienkilta.fi\/blog\/wp-json\/wp\/v2\/posts\/83"}],"collection":[{"href":"https:\/\/www.matkailutoimittajienkilta.fi\/blog\/wp-json\/wp\/v2\/posts"}],"about":[{"href":"https:\/\/www.matkailutoimittajienkilta.fi\/blog\/wp-json\/wp\/v2\/types\/post"}],"author":[{"embeddable":true,"href":"https:\/\/www.matkailutoimittajienkilta.fi\/blog\/wp-json\/wp\/v2\/users\/15"}],"replies":[{"embeddable":true,"href":"https:\/\/www.matkailutoimittajienkilta.fi\/blog\/wp-json\/wp\/v2\/comments?post=83"}],"version-history":[{"count":8,"href":"https:\/\/www.matkailutoimittajienkilta.fi\/blog\/wp-json\/wp\/v2\/posts\/83\/revisions"}],"predecessor-version":[{"id":970,"href":"https:\/\/www.matkailutoimittajienkilta.fi\/blog\/wp-json\/wp\/v2\/posts\/83\/revisions\/970"}],"wp:featuredmedia":[{"embeddable":true,"href":"https:\/\/www.matkailutoimittajienkilta.fi\/blog\/wp-json\/wp\/v2\/media\/86"}],"wp:attachment":[{"href":"https:\/\/www.matkailutoimittajienkilta.fi\/blog\/wp-json\/wp\/v2\/media?parent=83"}],"wp:term":[{"taxonomy":"category","embeddable":true,"href":"https:\/\/www.matkailutoimittajienkilta.fi\/blog\/wp-json\/wp\/v2\/categories?post=83"},{"taxonomy":"post_tag","embeddable":true,"href":"https:\/\/www.matkailutoimittajienkilta.fi\/blog\/wp-json\/wp\/v2\/tags?post=83"}],"curies":[{"name":"wp","href":"https:\/\/api.w.org\/{rel}","templated":true}]}}