{"id":5970,"date":"2025-01-16T13:10:52","date_gmt":"2025-01-16T11:10:52","guid":{"rendered":"https:\/\/www.matkailutoimittajienkilta.fi\/blog\/?p=5970"},"modified":"2025-01-23T22:15:20","modified_gmt":"2025-01-23T20:15:20","slug":"kilta-palkitsi-toimijoita-matkamessuilla-53-kerran","status":"publish","type":"post","link":"https:\/\/www.matkailutoimittajienkilta.fi\/blog\/kilta-palkitsi-toimijoita-matkamessuilla-53-kerran\/","title":{"rendered":"Kilta palkitsi matkailualan toimijoita Matkamessuilla"},"content":{"rendered":"<p>Suomen Matkailutoimittajien Kilta on jakanut matkailupalkintoja vuodesta 1972 eli 53<br \/>\nvuoden ajan. Palkittavia saavat ehdottaa kaikki yhdistyksen j\u00e4senet ja heist\u00e4 koottu<br \/>\nraati ehdottaa hallituksen hyv\u00e4ksytt\u00e4v\u00e4ksi palkittavia. Raati ehdottaa my\u00f6s vuosittaisista palkintokategorioista, joita t\u00e4n\u00e4 vuonna olivat vuoden kotimaan matkakohde, vuoden kulttuurimatkakohde ja vuoden matkailuhenkil\u00f6. Lis\u00e4ksi j\u00e4senehdotusten kautta palkittavaksi nostettiin vuoden matkailuteko.<\/p>\n<p>Valinnat tehtiin vastuullisuus ja ymp\u00e4rist\u00f6vaikutukset huomioiden.<\/p>\n<div id=\"attachment_5974\" style=\"width: 2010px\" class=\"wp-caption alignnone\"><img loading=\"lazy\" decoding=\"async\" aria-describedby=\"caption-attachment-5974\" class=\"wp-image-5974 size-full\" src=\"https:\/\/i0.wp.com\/www.matkailutoimittajienkilta.fi\/blog\/wp-content\/uploads\/2025\/01\/matkamessut1-1.jpg?resize=702%2C595&#038;ssl=1\" alt=\"\" width=\"702\" height=\"595\" srcset=\"https:\/\/i0.wp.com\/www.matkailutoimittajienkilta.fi\/blog\/wp-content\/uploads\/2025\/01\/matkamessut1-1.jpg?w=2000&amp;ssl=1 2000w, https:\/\/i0.wp.com\/www.matkailutoimittajienkilta.fi\/blog\/wp-content\/uploads\/2025\/01\/matkamessut1-1.jpg?resize=300%2C254&amp;ssl=1 300w, https:\/\/i0.wp.com\/www.matkailutoimittajienkilta.fi\/blog\/wp-content\/uploads\/2025\/01\/matkamessut1-1.jpg?resize=1024%2C867&amp;ssl=1 1024w, https:\/\/i0.wp.com\/www.matkailutoimittajienkilta.fi\/blog\/wp-content\/uploads\/2025\/01\/matkamessut1-1.jpg?resize=1536%2C1301&amp;ssl=1 1536w, https:\/\/i0.wp.com\/www.matkailutoimittajienkilta.fi\/blog\/wp-content\/uploads\/2025\/01\/matkamessut1-1.jpg?w=1404&amp;ssl=1 1404w\" sizes=\"(max-width: 702px) 100vw, 702px\" data-recalc-dims=\"1\" \/><p id=\"caption-attachment-5974\" class=\"wp-caption-text\">Palkinnot vastaanottivat Paraisten matkailup\u00e4\u00e4llikk\u00f6 Benjamin Donner, Hannu Medina, Pyht\u00e4\u00e4n Kulttuuritalon Netta Norro sek\u00e4 Sakari Neuvonen.<\/p><\/div>\n<p><strong>Vuoden matkailuhenkil\u00f6<\/strong><\/p>\n<p>Stensk\u00e4rin yritt\u00e4j\u00e4pariskunta<\/p>\n<p>Vuoden matkailuhenkil\u00f6ksi valittiin Stensk\u00e4rin yritt\u00e4j\u00e4pariskunta <strong>Agneta Jansson<\/strong> ja <strong>Jarmo Ylitalo<\/strong>. He tekev\u00e4t ymp\u00e4rivuotista ja kest\u00e4v\u00e4\u00e4 matkailuty\u00f6t\u00e4 Nauvon ulkosaaristossa, Stensk\u00e4riss\u00e4.<br \/>\nYritt\u00e4j\u00e4pariskunnan erikoisuutena on villikalan kalastus l\u00e4hialueilta, sen myynti Stensk\u00e4rin venesataman yhteydess\u00e4 olevassa rantapuodissa. He vuokraavat my\u00f6s m\u00f6kkej\u00e4, jotka sijaitsevat l\u00e4heisill\u00e4 saarilla ja hoitavat Birssk\u00e4rin saaren venesatamaa. Kaikesta n\u00e4kee, ett\u00e4 he tekev\u00e4t ty\u00f6t\u00e4\u00e4n koko syd\u00e4mell\u00e4\u00e4n,<br \/>\nrakkaudesta saaristoon. Raati halusi valinnallaan nostaa erityisesti esiin pieni\u00e4 matkailualan toimijoita, jotka<br \/>\nj\u00e4\u00e4v\u00e4t usein huomiotta, mutta tekev\u00e4t merkitt\u00e4v\u00e4\u00e4 ty\u00f6t\u00e4.<\/p>\n<p><strong>Vuoden matkailuteko<\/strong><\/p>\n<p><strong>Hannu Medina<\/strong> ja We Speak Gay<\/p>\n<p>Vuoden matkailutekona palkitaan Hannu Medinan perustama We Speak Gay -yhteis\u00f6. Hannu Medina on sateenkaarimatkailun pioneereja Suomessa. H\u00e4n on Gay Travel Finland -sivuston ja We Speak Gay -yhteis\u00f6n perustaja ja kouluttaa toimijoita sateenkaarimatkailusta. Hannu Medina on rohkea ja kantaaottava moninaisuuden puolestapuhuja ja v\u00e4hemmist\u00f6jen voimaannuttaja.<\/p>\n<p>Medinan lanseeraama We Speak Gay -tunnus tuo sateenkaarimatkailijalle varmuuden siit\u00e4, ett\u00e4 h\u00e4n voi olla kohteessa tai palvelun \u00e4\u00e4rell\u00e4 t\u00e4ysin oma itsens\u00e4.<\/p>\n<p><img loading=\"lazy\" decoding=\"async\" class=\"alignnone wp-image-5975 size-full\" src=\"https:\/\/i0.wp.com\/www.matkailutoimittajienkilta.fi\/blog\/wp-content\/uploads\/2025\/01\/matkamessut2-1.jpg?resize=702%2C500&#038;ssl=1\" alt=\"\" width=\"702\" height=\"500\" srcset=\"https:\/\/i0.wp.com\/www.matkailutoimittajienkilta.fi\/blog\/wp-content\/uploads\/2025\/01\/matkamessut2-1.jpg?w=2000&amp;ssl=1 2000w, https:\/\/i0.wp.com\/www.matkailutoimittajienkilta.fi\/blog\/wp-content\/uploads\/2025\/01\/matkamessut2-1.jpg?resize=300%2C214&amp;ssl=1 300w, https:\/\/i0.wp.com\/www.matkailutoimittajienkilta.fi\/blog\/wp-content\/uploads\/2025\/01\/matkamessut2-1.jpg?resize=1024%2C730&amp;ssl=1 1024w, https:\/\/i0.wp.com\/www.matkailutoimittajienkilta.fi\/blog\/wp-content\/uploads\/2025\/01\/matkamessut2-1.jpg?resize=1536%2C1094&amp;ssl=1 1536w, https:\/\/i0.wp.com\/www.matkailutoimittajienkilta.fi\/blog\/wp-content\/uploads\/2025\/01\/matkamessut2-1.jpg?resize=269%2C192&amp;ssl=1 269w, https:\/\/i0.wp.com\/www.matkailutoimittajienkilta.fi\/blog\/wp-content\/uploads\/2025\/01\/matkamessut2-1.jpg?w=1404&amp;ssl=1 1404w\" sizes=\"(max-width: 702px) 100vw, 702px\" data-recalc-dims=\"1\" \/><strong>Kotimaan matkailukohde<br \/>\n<\/strong><br \/>\nPyht\u00e4\u00e4n Kulttuuritalo<\/p>\n<p>Pyht\u00e4\u00e4n Kulttuuritalo on syntynyt vanhaan kunnanvirastoon, joka oli j\u00e4\u00e4nyt tyhjilleen<br \/>\nkunnan siirrytty\u00e4 ensimm\u00e4isen\u00e4 suomalaisena kuntana vuokratiloihin. Vuonna 2020 syntyi Pyht\u00e4\u00e4n Kulttuuritalo, joka tarjoaa monipuolisesti sis\u00e4lt\u00f6\u00e4 matkailijoille \u2013 muun muassa konsertteja, taiden\u00e4yttelyj\u00e4, ruokaa ja taiteilijoiden ty\u00f6tiloja. Raatia ilahdutti erityisesti hankkeessa se, ett\u00e4 hyl\u00e4tylle tilalle on annettu n\u00e4in uutta n\u00e4in uutta sis\u00e4lt\u00f6\u00e4, joka el\u00e4v\u00f6itt\u00e4\u00e4 aluetta niin paikallisten kuin matkailijoidenkin osalta.<\/p>\n<p><strong>Vuoden kulttuurikohde<\/strong><\/p>\n<p>Tampere Maja, Tartto<\/p>\n<p>Tampere House tai Maja on kahden yst\u00e4vyyskaupungin, Tarton ja Tampereen,<br \/>\nkulttuurikeskus ja vierastalo Tarton keskustassa. Vuonna 1730 rakennettu puutalo on sympaattinen rakennus, joka on kunnostettu pieteetill\u00e4 ja vanhaa kunnioittaen. Tampere Majan vanhan rakennuskulttuurin yll\u00e4pit\u00e4minen ei ole vain historian jatkamista vaan my\u00f6s uuden kulttuurin luomista.<br \/>\nTalossa j\u00e4rjestet\u00e4\u00e4n jatkuvasti n\u00e4yttelyit\u00e4 ja kirjallisuusiltoja, joissa on esill\u00e4 sek\u00e4 suomalaisia ett\u00e4 virolaisia taiteilijoita.<\/p>\n<div id=\"attachment_5976\" style=\"width: 2010px\" class=\"wp-caption alignnone\"><img loading=\"lazy\" decoding=\"async\" aria-describedby=\"caption-attachment-5976\" class=\"wp-image-5976 size-full\" src=\"https:\/\/i0.wp.com\/www.matkailutoimittajienkilta.fi\/blog\/wp-content\/uploads\/2025\/01\/matkamessut3-1.jpg?resize=702%2C568&#038;ssl=1\" alt=\"\" width=\"702\" height=\"568\" srcset=\"https:\/\/i0.wp.com\/www.matkailutoimittajienkilta.fi\/blog\/wp-content\/uploads\/2025\/01\/matkamessut3-1.jpg?w=2000&amp;ssl=1 2000w, https:\/\/i0.wp.com\/www.matkailutoimittajienkilta.fi\/blog\/wp-content\/uploads\/2025\/01\/matkamessut3-1.jpg?resize=300%2C243&amp;ssl=1 300w, https:\/\/i0.wp.com\/www.matkailutoimittajienkilta.fi\/blog\/wp-content\/uploads\/2025\/01\/matkamessut3-1.jpg?resize=1024%2C828&amp;ssl=1 1024w, https:\/\/i0.wp.com\/www.matkailutoimittajienkilta.fi\/blog\/wp-content\/uploads\/2025\/01\/matkamessut3-1.jpg?resize=1536%2C1242&amp;ssl=1 1536w, https:\/\/i0.wp.com\/www.matkailutoimittajienkilta.fi\/blog\/wp-content\/uploads\/2025\/01\/matkamessut3-1.jpg?resize=168%2C137&amp;ssl=1 168w, https:\/\/i0.wp.com\/www.matkailutoimittajienkilta.fi\/blog\/wp-content\/uploads\/2025\/01\/matkamessut3-1.jpg?w=1404&amp;ssl=1 1404w\" sizes=\"(max-width: 702px) 100vw, 702px\" data-recalc-dims=\"1\" \/><p id=\"caption-attachment-5976\" class=\"wp-caption-text\">Tilaisuuden juonsi Aniko Lehtinen.<\/p><\/div>\n<p>Matkailutoimittajien Killan palkinnoista p\u00e4\u00e4tti yhdess\u00e4 hallituksen kanssa raati, jonka j\u00e4seni\u00e4 olivat <strong>Riikka Mahlam\u00e4ki-Kaistinen<\/strong> pj. sek\u00e4 <strong>Anik\u00f3 Lehtinen<\/strong>, <strong>Kirsti Sergejeff<\/strong>, <strong>Tero Pajukallio<\/strong> ja <strong>Hannu Lehtinen<\/strong>.<\/p>\n","protected":false},"excerpt":{"rendered":"<p>Suomen Matkailutoimittajien Kilta on jakanut matkailupalkintoja vuodesta 1972 eli 53 vuoden ajan. Palkittavia saavat ehdottaa kaikki yhdistyksen j\u00e4senet ja heist\u00e4 koottu raati ehdottaa hallituksen hyv\u00e4ksytt\u00e4v\u00e4ksi palkittavia. Raati ehdottaa my\u00f6s vuosittaisista palkintokategorioista, joita t\u00e4n\u00e4 vuonna olivat vuoden kotimaan matkakohde, vuoden kulttuurimatkakohde ja vuoden matkailuhenkil\u00f6. Lis\u00e4ksi j\u00e4senehdotusten kautta palkittavaksi nostettiin vuoden matkailuteko. Valinnat tehtiin vastuullisuus ja ymp\u00e4rist\u00f6vaikutukset<\/p>\n<div class=\"read-more\"><a href=\"https:\/\/www.matkailutoimittajienkilta.fi\/blog\/kilta-palkitsi-toimijoita-matkamessuilla-53-kerran\/\" title=\"Read More\">Read More<\/a><\/div>\n","protected":false},"author":19,"featured_media":5974,"comment_status":"closed","ping_status":"closed","sticky":false,"template":"","format":"standard","meta":{"footnotes":""},"categories":[757],"tags":[],"jetpack_sharing_enabled":true,"jetpack_featured_media_url":"https:\/\/i0.wp.com\/www.matkailutoimittajienkilta.fi\/blog\/wp-content\/uploads\/2025\/01\/matkamessut1-1.jpg?fit=2000%2C1694&ssl=1","_links":{"self":[{"href":"https:\/\/www.matkailutoimittajienkilta.fi\/blog\/wp-json\/wp\/v2\/posts\/5970"}],"collection":[{"href":"https:\/\/www.matkailutoimittajienkilta.fi\/blog\/wp-json\/wp\/v2\/posts"}],"about":[{"href":"https:\/\/www.matkailutoimittajienkilta.fi\/blog\/wp-json\/wp\/v2\/types\/post"}],"author":[{"embeddable":true,"href":"https:\/\/www.matkailutoimittajienkilta.fi\/blog\/wp-json\/wp\/v2\/users\/19"}],"replies":[{"embeddable":true,"href":"https:\/\/www.matkailutoimittajienkilta.fi\/blog\/wp-json\/wp\/v2\/comments?post=5970"}],"version-history":[{"count":12,"href":"https:\/\/www.matkailutoimittajienkilta.fi\/blog\/wp-json\/wp\/v2\/posts\/5970\/revisions"}],"predecessor-version":[{"id":5989,"href":"https:\/\/www.matkailutoimittajienkilta.fi\/blog\/wp-json\/wp\/v2\/posts\/5970\/revisions\/5989"}],"wp:featuredmedia":[{"embeddable":true,"href":"https:\/\/www.matkailutoimittajienkilta.fi\/blog\/wp-json\/wp\/v2\/media\/5974"}],"wp:attachment":[{"href":"https:\/\/www.matkailutoimittajienkilta.fi\/blog\/wp-json\/wp\/v2\/media?parent=5970"}],"wp:term":[{"taxonomy":"category","embeddable":true,"href":"https:\/\/www.matkailutoimittajienkilta.fi\/blog\/wp-json\/wp\/v2\/categories?post=5970"},{"taxonomy":"post_tag","embeddable":true,"href":"https:\/\/www.matkailutoimittajienkilta.fi\/blog\/wp-json\/wp\/v2\/tags?post=5970"}],"curies":[{"name":"wp","href":"https:\/\/api.w.org\/{rel}","templated":true}]}}