{"id":5368,"date":"2023-05-26T07:13:38","date_gmt":"2023-05-26T05:13:38","guid":{"rendered":"https:\/\/www.matkailutoimittajienkilta.fi\/blog\/?p=5368"},"modified":"2023-05-26T07:16:38","modified_gmt":"2023-05-26T05:16:38","slug":"italialaista-seikkailun-makua-etelarannassa-todellinen-fiasco-ei-vaan-fiasco","status":"publish","type":"post","link":"https:\/\/www.matkailutoimittajienkilta.fi\/blog\/italialaista-seikkailun-makua-etelarannassa-todellinen-fiasco-ei-vaan-fiasco\/","title":{"rendered":"Italialaista seikkailun makua Etel\u00e4rannassa: Todellinen fiasco!  EI, vaan \u201dFiasco?\u201d"},"content":{"rendered":"<h3>Uuden ravintolan avaaminen on aina j\u00e4nnitt\u00e4v\u00e4\u00e4, ja yritt\u00e4j\u00e4ll\u00e4 riitt\u00e4\u00e4 riskej\u00e4, vaikka taustalla olisikin alan vahvoihin nimiin lukeutuva keitti\u00f6mestari Henri Al\u00e9n.<\/h3>\n<p><strong>Teksti ja kuvat Marja-Liisa Kinturi<\/strong><\/p>\n<p class=\"Normaali tm5 tm6\"><span class=\"tm8\">Niin my\u00f6s Kauppatorin kupeeseen aivan kulman taakse Etel\u00e4rannan puolelle avatussa italialaistyyppisess\u00e4 ja lasikattoisella kes\u00e4terassilla varustetussa ravintolassa, jonka Al\u00e9n on nimennyt (varmuuden vuoksi?) <\/span><em><span class=\"tm9\">Fiascoksi?<\/span><\/em><span class=\"tm8\">. Siis nimi kysymysmerkill\u00e4! Loppuvuosi ja tulevaisuus n\u00e4ytt\u00e4v\u00e4t, kumpi merkki nimen per\u00e4\u00e4n kuuluu.<\/span><\/p>\n<h3>Nimi viittaa my\u00f6s viiniin<\/h3>\n<p class=\"Normaali tm5 tm6\"><span class=\"tm7\"><strong>Henri Al\u00e9n<\/strong> kertoi pohtineensa yst\u00e4vineen uuden italialaistyyppisen ravintolansa nime\u00e4 ja miettineens\u00e4 \u00e4\u00e4neen, mik\u00e4 olisi pahinta mit\u00e4 sen kanssa voisi sattua. Joku oli todennut, ett\u00e4 sittenh\u00e4n siit\u00e4 tulisi varsinainen fiasco! Niinp\u00e4 nimeksi tuli Fiasco? (Logossa on varmuuden vuoksi kysymysmerkki per\u00e4ss\u00e4!) Fiascoksi kutsutaan <em>Italiassa<\/em> tiett\u00e4v\u00e4sti my\u00f6s valtavan kokoista viinipulloa! Sopiihan sekin!<\/span><\/p>\n<p class=\"Normaali tm5 tm6\"><span class=\"tm7\">Ravintoloiden kes\u00e4sesonki on toukokuussa parhaillaan alkamassa ja Al\u00e9n ennustaa alalle loistava kes\u00e4kautta huolimatta kohonneista kustannuksista ja ajoittaisesta ty\u00f6voimapulasta. Fiasco ty\u00f6llist\u00e4\u00e4 p\u00e4ivitt\u00e4in 6\u201312 henke\u00e4. \u201dT\u00e4ss\u00e4 on joutunut kehitt\u00e4m\u00e4\u00e4n erilaisia ty\u00f6prosesseja ja uuden henkil\u00f6st\u00f6n perehdytt\u00e4minen vie aina aikaa. Kustannuspaineissa raaka-aineita pit\u00e4\u00e4 hankkia entist\u00e4 tarkemmin ja h\u00e4vikin v\u00e4hent\u00e4miseen kiinnitett\u00e4v\u00e4 huomiota sek\u00e4 ennen kaikkea tulkita, mit\u00e4 ihmiset haluavat. Meid\u00e4n teht\u00e4v\u00e4mme on tarjota asiakkaille el\u00e4myksi\u00e4,\u201d Henri Al\u00e9n muistuttaa. <\/span><\/p>\n<h3>Seikkailun makua!<\/h3>\n<p>Ensi n\u00e4kem\u00e4lt\u00e4 Fiascon sis\u00e4pihalla lasikaton alla istuessa nimi vaikuttaa aika kaukaa haetulta. Italialaistyyppisess\u00e4 ravintolassa on paljon muutakin italialaista kuin vain herkkuja pursuava ruokalista. Oman s\u00e4v\u00e4yksen tunnelmalle antaa terassin takaosaan parkkeerattu perinteinen italialainen j\u00e4\u00e4tel\u00f6k\u00e4rry, josta <strong>Viljami<\/strong> lappaa vieraille maistiaisia rapeisiin, omassa ravintolassa paistettuihin vohvelit\u00f6tter\u00f6ihin. Parmesan-j\u00e4\u00e4tel\u00f6 on Fiascon ikioma herkku &#8211; suussa sulavan vaniljaj\u00e4\u00e4tel\u00f6n kruunaa nimitt\u00e4in t\u00f6tter\u00f6n p\u00e4\u00e4lle ripoteltu parmesan-juustoraaste. Aika eksoottinen makuyhdistelm\u00e4 kielt\u00e4m\u00e4tt\u00e4, mutta pient\u00e4 seikkailuahan ihminen kes\u00e4ll\u00e4 kaipaa. \u201dMeid\u00e4n teht\u00e4v\u00e4n\u00e4 on tarjota asiakkaille el\u00e4myksi\u00e4,\u201d ravintoloitsija ja keitti\u00f6mestari Henri Al\u00e9n muistuttaa. Fiasco ei siin\u00e4k\u00e4\u00e4n suhteessa tuota pettymyst\u00e4. Ja italialainen ruokahan on tunnetusti maittavaa.<\/p>\n<div id=\"attachment_5371\" style=\"width: 310px\" class=\"wp-caption aligncenter\"><img loading=\"lazy\" decoding=\"async\" aria-describedby=\"caption-attachment-5371\" class=\"size-medium wp-image-5371\" src=\"https:\/\/i0.wp.com\/www.matkailutoimittajienkilta.fi\/blog\/wp-content\/uploads\/2023\/05\/Jaatelomestari-Viljami-viimeistelee-vaniljatotteron-parmesaaniraasteella_0076-scaled-e1685077731999-300x227.jpg?resize=300%2C227&#038;ssl=1\" alt=\"\" width=\"300\" height=\"227\" srcset=\"https:\/\/i0.wp.com\/www.matkailutoimittajienkilta.fi\/blog\/wp-content\/uploads\/2023\/05\/Jaatelomestari-Viljami-viimeistelee-vaniljatotteron-parmesaaniraasteella_0076-scaled-e1685077731999.jpg?resize=300%2C227&amp;ssl=1 300w, https:\/\/i0.wp.com\/www.matkailutoimittajienkilta.fi\/blog\/wp-content\/uploads\/2023\/05\/Jaatelomestari-Viljami-viimeistelee-vaniljatotteron-parmesaaniraasteella_0076-scaled-e1685077731999.jpg?resize=1024%2C776&amp;ssl=1 1024w, https:\/\/i0.wp.com\/www.matkailutoimittajienkilta.fi\/blog\/wp-content\/uploads\/2023\/05\/Jaatelomestari-Viljami-viimeistelee-vaniljatotteron-parmesaaniraasteella_0076-scaled-e1685077731999.jpg?resize=768%2C582&amp;ssl=1 768w, https:\/\/i0.wp.com\/www.matkailutoimittajienkilta.fi\/blog\/wp-content\/uploads\/2023\/05\/Jaatelomestari-Viljami-viimeistelee-vaniljatotteron-parmesaaniraasteella_0076-scaled-e1685077731999.jpg?w=1280&amp;ssl=1 1280w\" sizes=\"(max-width: 300px) 100vw, 300px\" data-recalc-dims=\"1\" \/><p id=\"caption-attachment-5371\" class=\"wp-caption-text\">J\u00e4\u00e4tel\u00f6mestari Viljami viimeistelee vaniljat\u00f6tter\u00f6n parmesaaniraasteella.<\/p><\/div>\n","protected":false},"excerpt":{"rendered":"<p>Uuden ravintolan avaaminen on aina j\u00e4nnitt\u00e4v\u00e4\u00e4, ja yritt\u00e4j\u00e4ll\u00e4 riitt\u00e4\u00e4 riskej\u00e4, vaikka taustalla olisikin alan vahvoihin nimiin lukeutuva keitti\u00f6mestari Henri Al\u00e9n. Teksti ja kuvat Marja-Liisa Kinturi Niin my\u00f6s Kauppatorin kupeeseen aivan kulman taakse Etel\u00e4rannan puolelle avatussa italialaistyyppisess\u00e4 ja lasikattoisella kes\u00e4terassilla varustetussa ravintolassa, jonka Al\u00e9n on nimennyt (varmuuden vuoksi?) Fiascoksi?. Siis nimi kysymysmerkill\u00e4! Loppuvuosi ja tulevaisuus n\u00e4ytt\u00e4v\u00e4t,<\/p>\n<div class=\"read-more\"><a href=\"https:\/\/www.matkailutoimittajienkilta.fi\/blog\/italialaista-seikkailun-makua-etelarannassa-todellinen-fiasco-ei-vaan-fiasco\/\" title=\"Read More\">Read More<\/a><\/div>\n","protected":false},"author":15,"featured_media":5375,"comment_status":"closed","ping_status":"closed","sticky":false,"template":"","format":"standard","meta":{"footnotes":""},"categories":[2],"tags":[182],"jetpack_sharing_enabled":true,"jetpack_featured_media_url":"https:\/\/i0.wp.com\/www.matkailutoimittajienkilta.fi\/blog\/wp-content\/uploads\/2023\/05\/Henri-Alen-Fiascon-terassilla-0054-2-scaled-e1685077954337.jpg?fit=1793%2C2050&ssl=1","_links":{"self":[{"href":"https:\/\/www.matkailutoimittajienkilta.fi\/blog\/wp-json\/wp\/v2\/posts\/5368"}],"collection":[{"href":"https:\/\/www.matkailutoimittajienkilta.fi\/blog\/wp-json\/wp\/v2\/posts"}],"about":[{"href":"https:\/\/www.matkailutoimittajienkilta.fi\/blog\/wp-json\/wp\/v2\/types\/post"}],"author":[{"embeddable":true,"href":"https:\/\/www.matkailutoimittajienkilta.fi\/blog\/wp-json\/wp\/v2\/users\/15"}],"replies":[{"embeddable":true,"href":"https:\/\/www.matkailutoimittajienkilta.fi\/blog\/wp-json\/wp\/v2\/comments?post=5368"}],"version-history":[{"count":5,"href":"https:\/\/www.matkailutoimittajienkilta.fi\/blog\/wp-json\/wp\/v2\/posts\/5368\/revisions"}],"predecessor-version":[{"id":5376,"href":"https:\/\/www.matkailutoimittajienkilta.fi\/blog\/wp-json\/wp\/v2\/posts\/5368\/revisions\/5376"}],"wp:featuredmedia":[{"embeddable":true,"href":"https:\/\/www.matkailutoimittajienkilta.fi\/blog\/wp-json\/wp\/v2\/media\/5375"}],"wp:attachment":[{"href":"https:\/\/www.matkailutoimittajienkilta.fi\/blog\/wp-json\/wp\/v2\/media?parent=5368"}],"wp:term":[{"taxonomy":"category","embeddable":true,"href":"https:\/\/www.matkailutoimittajienkilta.fi\/blog\/wp-json\/wp\/v2\/categories?post=5368"},{"taxonomy":"post_tag","embeddable":true,"href":"https:\/\/www.matkailutoimittajienkilta.fi\/blog\/wp-json\/wp\/v2\/tags?post=5368"}],"curies":[{"name":"wp","href":"https:\/\/api.w.org\/{rel}","templated":true}]}}