{"id":4862,"date":"2022-10-16T13:51:46","date_gmt":"2022-10-16T11:51:46","guid":{"rendered":"https:\/\/www.matkailutoimittajienkilta.fi\/blog\/?p=4862"},"modified":"2023-03-16T18:33:49","modified_gmt":"2023-03-16T16:33:49","slug":"varit-loistavat-kilpaa-lapin-ruskassa","status":"publish","type":"post","link":"https:\/\/www.matkailutoimittajienkilta.fi\/blog\/varit-loistavat-kilpaa-lapin-ruskassa\/","title":{"rendered":"V\u00e4rit loistavat kilpaa Lapin ruskassa"},"content":{"rendered":"<h3>Pari viikkoa keltaista, oranssia, punaista, vihre\u00e4\u00e4 ja kaikkia niiden s\u00e4vyj\u00e4. Sitten luonto vaipuu talviunille.<\/h3>\n<p><strong>Teksti Heino Ylisipola<br \/>\nKuvat Heino ja Helena Ylisipola<\/strong><\/p>\n<p class=\"Normaali tm5\"><span class=\"tm6\">Punaisen, keltaisen, oranssin ja vihre\u00e4n kaikki v\u00e4ris\u00e4vyt. Ne kaikki vaeltaja l\u00f6yt\u00e4\u00e4 syksyisin <\/span><em><span class=\"tm7\">Lapista<\/span><\/em><span class=\"tm6\">. Luonto valmistautuu talviunille ja hyv\u00e4stele kairassa vaeltajan v\u00e4rien ilotulituksella. Sitten tulee lumi ja pitk\u00e4 talvi. Luonto lep\u00e4\u00e4<\/span><\/p>\n<p class=\"Normaali tm5\"><span class=\"tm6\">Lapista l\u00f6yt\u00e4\u00e4 jokainen aina uutta ja mieluista. Me l\u00f6ysimme t\u00e4n\u00e4 syksyn\u00e4, syyskuussa, ikivanhan <\/span><em><span class=\"tm7\">Ruijan Polun<\/span><\/em><span class=\"tm6\">, jonka vaelsimme kolmen p\u00e4iv\u00e4n aikana. Matkaa kertyi vajaa 40 kilometri\u00e4.<\/span><\/p>\n<p class=\"Normaali tm5\"><span class=\"tm6\">Ruijan polun yksi haara l\u00e4hti aikoinaan <\/span><em><span class=\"tm7\">Per\u00e4meren<\/span><\/em><span class=\"tm6\"> pohjukasta ja toinen haara <\/span><em><span class=\"tm7\">Kainuusta J\u00e4\u00e4merelle<\/span><\/em><span class=\"tm6\">. Polkua on tiett\u00e4v\u00e4sti kuljettu jo 1400-luvulta l\u00e4htien.<\/span><\/p>\n<div id=\"attachment_4881\" style=\"width: 385px\" class=\"wp-caption alignright\"><img loading=\"lazy\" decoding=\"async\" aria-describedby=\"caption-attachment-4881\" class=\" wp-image-4881\" src=\"https:\/\/i0.wp.com\/www.matkailutoimittajienkilta.fi\/blog\/wp-content\/uploads\/2022\/10\/IMG_4769.jpg?resize=375%2C424&#038;ssl=1\" alt=\"Kuva - Ruijan polku\" width=\"375\" height=\"424\" srcset=\"https:\/\/i0.wp.com\/www.matkailutoimittajienkilta.fi\/blog\/wp-content\/uploads\/2022\/10\/IMG_4769.jpg?w=566&amp;ssl=1 566w, https:\/\/i0.wp.com\/www.matkailutoimittajienkilta.fi\/blog\/wp-content\/uploads\/2022\/10\/IMG_4769.jpg?resize=265%2C300&amp;ssl=1 265w\" sizes=\"(max-width: 375px) 100vw, 375px\" data-recalc-dims=\"1\" \/><p id=\"caption-attachment-4881\" class=\"wp-caption-text\">Puuviitat merkkaavat, miss\u00e4 Ruijan Polku kulkee.<\/p><\/div>\n<p class=\"Normaali tm5\"><span class=\"tm6\">Nyky\u00e4\u00e4n polusta on j\u00e4ljell\u00e4 merkitty reitti <\/span><em><span class=\"tm7\">Sodankyl\u00e4n Sompioj\u00e4rvelt\u00e4 Inarin Kiilop\u00e4\u00e4lle<\/span><\/em><span class=\"tm6\">. Aikoinaan polku oli eniten k\u00e4ytetty reitti Suomesta J\u00e4\u00e4meren rannalle. Sit\u00e4 kuljettiin kes\u00e4ll\u00e4 veneell\u00e4 ja jalkaisin. Talvella hiiht\u00e4en ja poroilla.<\/span><\/p>\n<p class=\"Normaali tm5\"><span class=\"tm6\">Kes\u00e4isin Ruijan polulla oli k\u00e4yt\u00f6ss\u00e4 l\u00e4ntinen reitti Sompioj\u00e4rvelt\u00e4 <\/span><em><span class=\"tm7\">Nattastuntureiden <\/span><\/em><span class=\"tm6\">satulan kautta Inarin <\/span><em><span class=\"tm7\">Laanilaan<\/span><\/em><span class=\"tm6\"> ja sielt\u00e4 eteenp\u00e4in. Reitti kulki muun muassa P<\/span><em><span class=\"tm7\">ielpaj\u00e4rven<\/span><\/em><span class=\"tm6\"> er\u00e4maakirkon ohi.<\/span><\/p>\n<p class=\"Normaali tm5\"><span class=\"tm6\">Maantie <\/span><em><span class=\"tm7\">Ivalon<\/span><\/em><span class=\"tm6\"> kautta <\/span><em><span class=\"tm7\">Petsamoon<\/span><\/em><span class=\"tm6\"> eli niin kutsuttu <\/span><em><span class=\"tm7\">J\u00e4\u00e4merentie<\/span><\/em><span class=\"tm6\"> valmistui vasta 1910-luvulla.<\/span><\/p>\n<h3 class=\"Normaali\">Nelj\u00e4 urhoollista taas matkassa<\/h3>\n<p class=\"Normaali tm5\"><span class=\"tm6\">Meit\u00e4 on vuoden tauon j\u00e4lkeen koossa nelj\u00e4 vaellusk\u00e4rp\u00e4sen pist\u00e4m\u00e4\u00e4 patikoijaa, t\u00e4m\u00e4n jutun kirjoittaja ja kuvaaja sek\u00e4 <\/span><strong><span class=\"tm7\">Antti<\/span><\/strong><span class=\"tm6\"> ja <\/span><strong><span class=\"tm7\">Leila<\/span><\/strong><span class=\"tm6\">, kun aloitimme syyskuun puoliv\u00e4liss\u00e4 rinkkavaelluksen Sompioj\u00e4rvelt\u00e4 kohti Laanilaa.<\/span><\/p>\n<p class=\"Normaali tm5\"><span class=\"tm6\">Meit\u00e4 suosi aurinkoinen poutas\u00e4\u00e4, kun heitimme rinkat olalle ja aloimme kulkea kohti pohjoista. Ruijan Polku on maastoon hyvin merkitty. Polku-urasta huomaa, ett\u00e4 kulkijoita ei ole ollut kovin paljon. Puiset vinoristit, kivikasat ja m\u00e4ntyihin ly\u00f6dyt pilkat viitoittavat polkua.<\/span><\/p>\n<div id=\"attachment_4874\" style=\"width: 397px\" class=\"wp-caption alignleft\"><img loading=\"lazy\" decoding=\"async\" aria-describedby=\"caption-attachment-4874\" class=\" wp-image-4874\" src=\"https:\/\/i0.wp.com\/www.matkailutoimittajienkilta.fi\/blog\/wp-content\/uploads\/2022\/10\/IMG-0894.jpg?resize=387%2C290&#038;ssl=1\" alt=\"Kuva - Ruskajuolukka\" width=\"387\" height=\"290\" srcset=\"https:\/\/i0.wp.com\/www.matkailutoimittajienkilta.fi\/blog\/wp-content\/uploads\/2022\/10\/IMG-0894-scaled.jpg?resize=1024%2C768&amp;ssl=1 1024w, https:\/\/i0.wp.com\/www.matkailutoimittajienkilta.fi\/blog\/wp-content\/uploads\/2022\/10\/IMG-0894-scaled.jpg?resize=300%2C225&amp;ssl=1 300w, https:\/\/i0.wp.com\/www.matkailutoimittajienkilta.fi\/blog\/wp-content\/uploads\/2022\/10\/IMG-0894-scaled.jpg?resize=1536%2C1152&amp;ssl=1 1536w, https:\/\/i0.wp.com\/www.matkailutoimittajienkilta.fi\/blog\/wp-content\/uploads\/2022\/10\/IMG-0894-scaled.jpg?resize=2048%2C1536&amp;ssl=1 2048w, https:\/\/i0.wp.com\/www.matkailutoimittajienkilta.fi\/blog\/wp-content\/uploads\/2022\/10\/IMG-0894-scaled.jpg?w=1404&amp;ssl=1 1404w, https:\/\/i0.wp.com\/www.matkailutoimittajienkilta.fi\/blog\/wp-content\/uploads\/2022\/10\/IMG-0894-scaled.jpg?w=2106&amp;ssl=1 2106w\" sizes=\"(max-width: 387px) 100vw, 387px\" data-recalc-dims=\"1\" \/><p id=\"caption-attachment-4874\" class=\"wp-caption-text\">Juolukkakin on marja. Ruska-aikaan se loistaa tunturissa punaisena.<\/p><\/div>\n<p class=\"Normaali tm5\"><span class=\"tm6\">Parasta on luonnon v\u00e4rikyll\u00e4isyys polun molemmin puolin. Riekonmarja on pukeutunut s\u00e4ihkyv\u00e4n punaiseen. Variksenmarja ja mustikka punaisen ja oranssin eri s\u00e4vyihin. Koivu ja haavat tarjoilevat vihre\u00e4n ja keltaisen eri s\u00e4vyj\u00e4.<\/span><\/p>\n<p class=\"Normaali tm5\"><span class=\"tm6\">Polku on juurakkoinen ja v\u00e4lill\u00e4 hyvin kivikkoinen. Soiden yli kulkevat pitkospuut ovat huonossa kunnossa. Hyv\u00e4t vaelluskeng\u00e4t pit\u00e4v\u00e4t kuitenkin vett\u00e4. Sauvat ovat liki v\u00e4ltt\u00e4m\u00e4tt\u00f6myys tasapainon pit\u00e4miseen kapeilla ja lahoilla pitkospuilla. Mets\u00e4hallitus voisi l\u00e4hett\u00e4\u00e4 korjauspartion polulle ja uusia pitkospuut.<\/span><\/p>\n<p class=\"Normaali tm5\"><span class=\"tm6\">Olemme <\/span><em><span class=\"tm8\">Nattas-tuntureiden<\/span><\/em><span class=\"tm6\"> valtakunnassa. Ensimm\u00e4inen taukopaikka, jossa voi my\u00f6s tulistella, on <\/span><em><span class=\"tm8\">Kulmakko-oja<\/span><\/em><span class=\"tm6\">, josta l\u00e4htee vaativa pistoreitti <\/span><em><span class=\"tm8\">Ter\u00e4v\u00e4-Nattasen<\/span><\/em><span class=\"tm6\"> kivikkoiselle huipulle. Mik\u00e4 siin\u00e4 onkaan, ett\u00e4 ev\u00e4sleiv\u00e4t maistuvat niin hyvilt\u00e4 luonnon helmassa?<\/span><\/p>\n<div id=\"attachment_4876\" style=\"width: 384px\" class=\"wp-caption alignright\"><img loading=\"lazy\" decoding=\"async\" aria-describedby=\"caption-attachment-4876\" class=\" wp-image-4876\" src=\"https:\/\/i0.wp.com\/www.matkailutoimittajienkilta.fi\/blog\/wp-content\/uploads\/2022\/10\/IMG-0902-scaled-e1665922390250-1024x768.jpg?resize=374%2C281&#038;ssl=1\" alt=\"Kuva - Kaptukaislampi\" width=\"374\" height=\"281\" srcset=\"https:\/\/i0.wp.com\/www.matkailutoimittajienkilta.fi\/blog\/wp-content\/uploads\/2022\/10\/IMG-0902-scaled-e1665922390250.jpg?resize=1024%2C768&amp;ssl=1 1024w, https:\/\/i0.wp.com\/www.matkailutoimittajienkilta.fi\/blog\/wp-content\/uploads\/2022\/10\/IMG-0902-scaled-e1665922390250.jpg?resize=300%2C225&amp;ssl=1 300w, https:\/\/i0.wp.com\/www.matkailutoimittajienkilta.fi\/blog\/wp-content\/uploads\/2022\/10\/IMG-0902-scaled-e1665922390250.jpg?resize=768%2C576&amp;ssl=1 768w, https:\/\/i0.wp.com\/www.matkailutoimittajienkilta.fi\/blog\/wp-content\/uploads\/2022\/10\/IMG-0902-scaled-e1665922390250.jpg?w=1280&amp;ssl=1 1280w\" sizes=\"(max-width: 374px) 100vw, 374px\" data-recalc-dims=\"1\" \/><p id=\"caption-attachment-4876\" class=\"wp-caption-text\">Kaptukaislammen rannalla voi Ruijan Polun varrella y\u00f6py\u00e4.<\/p><\/div>\n<p class=\"Normaali tm5\"><span class=\"tm6\">Polun varrella ei ole autiotupia. Sompion luonnonpuistossa polulta ei saa poiketa eik\u00e4 siell\u00e4 saa y\u00f6py\u00e4. K\u00e4yt\u00e4nn\u00f6ss\u00e4 ainoa y\u00f6pymispaikka on <\/span><em><span class=\"tm8\">Kaptukaislammen<\/span><\/em><span class=\"tm6\"> laavu, jolloin ollaan jo Urho Kekkosen kansallispuiston puolella.<\/span><\/p>\n<p class=\"Normaali tm5\"><span class=\"tm6\">Rinkat laavun lavitsalle ja tulentekoon. Kaptukaislammella on laavun lis\u00e4ksi puuvaja, jossa on pilkottuja koivuklapeja sek\u00e4 siisti huussi. Lammen rannalta l\u00f6ytyy jonkin verran sile\u00e4hk\u00f6\u00e4 maata teltan alle. Lammesta saa kirkasta vett\u00e4 iltapalan valmistukseen, kaasukeitin alkaa pian porista.<\/span><\/p>\n<p class=\"Normaali tm5\"><span class=\"tm6\">Korpit raakkuvat iltay\u00f6st\u00e4, susien ulvontaa ei kuulu. Usva laskeutuu lammelle ja tulee t\u00e4ydellinen hiljaisuus. Y\u00f6ll\u00e4 teltassa on v\u00e4h\u00e4n kylm\u00e4. Kes\u00e4makuupussit pit\u00e4isi vaihtaa paksumpiin.<\/span><\/p>\n<div id=\"attachment_4886\" style=\"width: 712px\" class=\"wp-caption alignnone\"><img loading=\"lazy\" decoding=\"async\" aria-describedby=\"caption-attachment-4886\" class=\"size-large wp-image-4886\" src=\"https:\/\/i0.wp.com\/www.matkailutoimittajienkilta.fi\/blog\/wp-content\/uploads\/2022\/10\/IMG-0920-scaled-e1665924284344-768x1024.jpg?resize=702%2C936&#038;ssl=1\" alt=\"Kuva - Vanha kelo\" width=\"702\" height=\"936\" srcset=\"https:\/\/i0.wp.com\/www.matkailutoimittajienkilta.fi\/blog\/wp-content\/uploads\/2022\/10\/IMG-0920-scaled-e1665924284344.jpg?resize=768%2C1024&amp;ssl=1 768w, https:\/\/i0.wp.com\/www.matkailutoimittajienkilta.fi\/blog\/wp-content\/uploads\/2022\/10\/IMG-0920-scaled-e1665924284344.jpg?resize=225%2C300&amp;ssl=1 225w, https:\/\/i0.wp.com\/www.matkailutoimittajienkilta.fi\/blog\/wp-content\/uploads\/2022\/10\/IMG-0920-scaled-e1665924284344.jpg?w=960&amp;ssl=1 960w\" sizes=\"(max-width: 702px) 100vw, 702px\" data-recalc-dims=\"1\" \/><p id=\"caption-attachment-4886\" class=\"wp-caption-text\">Vanha kelo on luovuttanut ja kaatunut toisen syliin.<\/p><\/div>\n<h3>Nuotiotuli kutsuu l\u00e4mpim\u00e4\u00e4n<\/h3>\n<div id=\"attachment_4870\" style=\"width: 374px\" class=\"wp-caption alignright\"><img loading=\"lazy\" decoding=\"async\" aria-describedby=\"caption-attachment-4870\" class=\" wp-image-4870\" src=\"https:\/\/i0.wp.com\/www.matkailutoimittajienkilta.fi\/blog\/wp-content\/uploads\/2022\/10\/IMG-0915-scaled-e1665921782993-1024x754.jpg?resize=364%2C268&#038;ssl=1\" alt=\"Kuva - Heino Kahvitauolla\" width=\"364\" height=\"268\" srcset=\"https:\/\/i0.wp.com\/www.matkailutoimittajienkilta.fi\/blog\/wp-content\/uploads\/2022\/10\/IMG-0915-scaled-e1665921782993.jpg?resize=1024%2C754&amp;ssl=1 1024w, https:\/\/i0.wp.com\/www.matkailutoimittajienkilta.fi\/blog\/wp-content\/uploads\/2022\/10\/IMG-0915-scaled-e1665921782993.jpg?resize=300%2C221&amp;ssl=1 300w, https:\/\/i0.wp.com\/www.matkailutoimittajienkilta.fi\/blog\/wp-content\/uploads\/2022\/10\/IMG-0915-scaled-e1665921782993.jpg?resize=768%2C566&amp;ssl=1 768w, https:\/\/i0.wp.com\/www.matkailutoimittajienkilta.fi\/blog\/wp-content\/uploads\/2022\/10\/IMG-0915-scaled-e1665921782993.jpg?w=1280&amp;ssl=1 1280w\" sizes=\"(max-width: 364px) 100vw, 364px\" data-recalc-dims=\"1\" \/><p id=\"caption-attachment-4870\" class=\"wp-caption-text\">Jutun kirjoittaja pit\u00e4\u00e4 kahvitaukoa kaatuneen kelon p\u00e4\u00e4ll\u00e4.<\/p><\/div>\n<p class=\"Normaali tm5\"><span class=\"tm6\">Antti her\u00e4\u00e4 aamulla aikaisin. H\u00e4n on laittanut reippaat tulet laavun eteen tulipaikalle. On mukava her\u00e4t\u00e4 ja k\u00f6mpi\u00e4 l\u00e4mmittelem\u00e4\u00e4n tulille, keittelem\u00e4\u00e4n aamuteet\u00e4 ja kahvia.<\/span><\/p>\n<p class=\"Normaali tm5\"><span class=\"tm6\">Olemme varsinaisen polun puoliv\u00e4liss\u00e4, edess\u00e4 on noin 15 kilometrin matka Kiilop\u00e4\u00e4lle, jossa varattu hirsim\u00f6kki ja sauna odottavat.<\/span><\/p>\n<p class=\"Normaali tm5\"><span class=\"tm6\">Noin 13-15 kilon painoiset rinkat ovat taas keventyneet. Kaptukaislammelta Kiilop\u00e4\u00e4lle polku kulkee ikimets\u00e4ss\u00e4 ja polku on paikka paikoin hyvin sile\u00e4. Siell\u00e4 t\u00e4\u00e4ll\u00e4 n\u00e4kyy kaatuneita kelovanhuksia.<\/span><\/p>\n<p class=\"Normaali tm5\"><span class=\"tm6\">Kuivalla harjanteella m\u00e4ntyjen ja tunturikoivujen seassa pid\u00e4mme taukoa ja keit\u00e4mme retkikeittimell\u00e4 kahvit, sy\u00f6mme mustikoita ja kuvaamme v\u00e4riloistoa.<\/span><\/p>\n<p class=\"Normaali tm5\"><em><span class=\"tm7\">Sivakko-ojan<\/span><\/em><span class=\"tm6\"> laavulle tultaessa vastaantulijoitakin alkaa n\u00e4ky\u00e4. He ovat p\u00e4iv\u00e4retkel\u00e4isi\u00e4. Oikaisemme Sivakko-ojalta suoraan Kiilop\u00e4\u00e4lle, jossa automme odottavat. Antti ja Leila jatkavat Laanilaan omalle m\u00f6killeen.<\/span><\/p>\n<p class=\"Normaali tm5\"><span class=\"tm6\">Kolmantena aamuna taivallamme viimeisen etapin Kiilop\u00e4\u00e4lt\u00e4 Laanilaan, johon merkitty polku loppuu. Kartan ja kompassin kanssa voisi jatkaa pidemm\u00e4llekin. Laanilasta k\u00e4velemme viel\u00e4 nelj\u00e4st\u00e4\u00e4n <\/span><em><span class=\"tm7\">Saarisel\u00e4lle<\/span><\/em><span class=\"tm6\"> etsim\u00e4\u00e4n hyv\u00e4\u00e4 poronk\u00e4ristyst\u00e4.<\/span><\/p>\n<p class=\"Normaali tm5\"><strong><span class=\"tm6\">Pyh\u00e4-Nattanen pit\u00e4\u00e4 valloittaa<\/span><\/strong><\/p>\n<p class=\"Normaali tm5\"><span class=\"tm6\">Olemme j\u00e4tt\u00e4neet tarkoituksella <\/span><em><span class=\"tm7\">Pyh\u00e4-Nattasen<\/span><\/em><span class=\"tm6\">, 508 metri\u00e4, valloittamisen erilliselle p\u00e4iv\u00e4lle, vaikka Ruijan Polkua patikoidessa ohitimme sen melkein hipaisten.<\/span><\/p>\n<div id=\"attachment_4890\" style=\"width: 385px\" class=\"wp-caption alignleft\"><img loading=\"lazy\" decoding=\"async\" aria-describedby=\"caption-attachment-4890\" class=\" wp-image-4890\" src=\"https:\/\/i0.wp.com\/www.matkailutoimittajienkilta.fi\/blog\/wp-content\/uploads\/2022\/10\/IMG_4782.jpg?resize=375%2C471&#038;ssl=1\" alt=\"Kuva - Pitkospuut\" width=\"375\" height=\"471\" srcset=\"https:\/\/i0.wp.com\/www.matkailutoimittajienkilta.fi\/blog\/wp-content\/uploads\/2022\/10\/IMG_4782.jpg?w=510&amp;ssl=1 510w, https:\/\/i0.wp.com\/www.matkailutoimittajienkilta.fi\/blog\/wp-content\/uploads\/2022\/10\/IMG_4782.jpg?resize=239%2C300&amp;ssl=1 239w\" sizes=\"(max-width: 375px) 100vw, 375px\" data-recalc-dims=\"1\" \/><p id=\"caption-attachment-4890\" class=\"wp-caption-text\">V\u00e4lill\u00e4 polku kulki lahonneita pitkospuita pitkin.<\/p><\/div>\n<p class=\"Normaali tm5\"><span class=\"tm6\">Taas tarvitaan autoa. Sompioj\u00e4rven tielt\u00e4, kun ajetaan <\/span><em><span class=\"tm7\">Vuotsosta<\/span><\/em><span class=\"tm6\">, kannattaa valita toinen, noin kahden kilometrin mittainen polku Pyh\u00e4-Nattaselle. Se on melko helppoa vaellussauvojen kanssa. Piti olla aurinkoinen poutap\u00e4iv\u00e4, mutta nyt saimme ensimm\u00e4ist\u00e4 kertaa tihkusadetta ja sumua.<\/span><\/p>\n<p class=\"Normaali tm5\"><span class=\"tm6\">Loppunousu on jonkin verran haastava, kun sade liukastaa kivi\u00e4. N\u00e4kyvyytt\u00e4 on vain muutamia kymmeni\u00e4 metrej\u00e4. Huipulla on erikoisia laattamaisia kalliomuodostelmia, tooreja ja pit\u00e4\u00e4h\u00e4n niiden p\u00e4\u00e4lle kiivet\u00e4.<\/span><\/p>\n<p class=\"Normaali tm5\"><span class=\"tm6\">Nattasia on kuusi tunturia, Pyh\u00e4-Nattasen lis\u00e4ksi Ter\u00e4v\u00e4-Nattanen, <\/span><em><span class=\"tm7\">Seiv\u00e4stunturi<\/span><\/em><span class=\"tm6\">, <\/span><em><span class=\"tm7\">Serrikainen<\/span><\/em><span class=\"tm6\">, <\/span><em><span class=\"tm7\">Lupukainen<\/span><\/em><span class=\"tm6\"> ja <\/span><em><span class=\"tm7\">Suku-Nattanen<\/span><\/em><span class=\"tm6\">.<\/span><\/p>\n<p class=\"Normaali tm5\"><span class=\"tm6\">Palovartijan tupa huipulla on kaikille avoinna ja siell\u00e4 on hyv\u00e4 hetki kaivaa termarit ja voileiv\u00e4t esille. Vaeltajia alkaa olla jo aika paljon.<\/span><\/p>\n<div id=\"attachment_4883\" style=\"width: 384px\" class=\"wp-caption alignright\"><img loading=\"lazy\" decoding=\"async\" aria-describedby=\"caption-attachment-4883\" class=\" wp-image-4883\" src=\"https:\/\/i0.wp.com\/www.matkailutoimittajienkilta.fi\/blog\/wp-content\/uploads\/2022\/10\/IMG-0975-scaled-e1665923944490-768x1024.jpg?resize=374%2C499&#038;ssl=1\" alt=\"Kuva - Kivikkoinen Pyh\u00e4-Nattasen polku\" width=\"374\" height=\"499\" srcset=\"https:\/\/i0.wp.com\/www.matkailutoimittajienkilta.fi\/blog\/wp-content\/uploads\/2022\/10\/IMG-0975-scaled-e1665923944490.jpg?resize=768%2C1024&amp;ssl=1 768w, https:\/\/i0.wp.com\/www.matkailutoimittajienkilta.fi\/blog\/wp-content\/uploads\/2022\/10\/IMG-0975-scaled-e1665923944490.jpg?resize=225%2C300&amp;ssl=1 225w, https:\/\/i0.wp.com\/www.matkailutoimittajienkilta.fi\/blog\/wp-content\/uploads\/2022\/10\/IMG-0975-scaled-e1665923944490.jpg?resize=1152%2C1536&amp;ssl=1 1152w, https:\/\/i0.wp.com\/www.matkailutoimittajienkilta.fi\/blog\/wp-content\/uploads\/2022\/10\/IMG-0975-scaled-e1665923944490.jpg?w=1280&amp;ssl=1 1280w\" sizes=\"(max-width: 374px) 100vw, 374px\" data-recalc-dims=\"1\" \/><p id=\"caption-attachment-4883\" class=\"wp-caption-text\">Polku Pyh\u00e4-Nattaselta Sompioj\u00e4rven maantielle n\u00e4ytti alussa aivan mahdottomalta.<\/p><\/div>\n<p class=\"Normaali tm5\"><span class=\"tm6\">Palaamme Sompioj\u00e4rven tielle toista, pidemp\u00e4\u00e4 noin seitsem\u00e4n kilometrin reitti\u00e4, jonka alkup\u00e4\u00e4 on eritt\u00e4in louhikkoista, melkein kontattavaa. Polkumerkkej\u00e4 pit\u00e4\u00e4 haeskella tihkusateessa. Joku vaeltaja on sanonut, ett\u00e4 tuolle polulle pit\u00e4\u00e4 olla vuorikauriin jalat ja apinan ketteryys.<\/span><\/p>\n<p class=\"Normaali tm5\"><span class=\"tm6\">Vastaamme tulee nuori nainen ilman sauvoja lenkkareissa ja kolmen koiran kanssa! Kun p\u00e4\u00e4semme lopulta <\/span><em><span class=\"tm7\">Nalijoen<\/span><\/em><span class=\"tm6\"> laavulle, kivikot loppuvat ja loppupolku on melko helppoa.<\/span><\/p>\n<p class=\"Normaali tm8 tm5\"><span class=\"tm6\">Onnittelemme itse\u00e4mme. Teimme sen, mink\u00e4 olimme suunnitelleet ja s\u00e4ilyimme ehjin\u00e4. Ehk\u00e4 se aurinko Pyh\u00e4-Nattasella pit\u00e4isi viel\u00e4 n\u00e4hd\u00e4? Joku on sanonut, ett\u00e4 sielt\u00e4 avautuu Suomen kaunein maisema?<\/span><\/p>\n<div id=\"attachment_4878\" style=\"width: 712px\" class=\"wp-caption alignnone\"><img loading=\"lazy\" decoding=\"async\" aria-describedby=\"caption-attachment-4878\" class=\"size-large wp-image-4878\" src=\"https:\/\/i0.wp.com\/www.matkailutoimittajienkilta.fi\/blog\/wp-content\/uploads\/2022\/10\/IMG-0972-scaled-e1665922673113-768x1024.jpg?resize=702%2C936&#038;ssl=1\" alt=\"Kuva - Pyh\u00e4 Nattanen\" width=\"702\" height=\"936\" srcset=\"https:\/\/i0.wp.com\/www.matkailutoimittajienkilta.fi\/blog\/wp-content\/uploads\/2022\/10\/IMG-0972-scaled-e1665922673113.jpg?resize=768%2C1024&amp;ssl=1 768w, https:\/\/i0.wp.com\/www.matkailutoimittajienkilta.fi\/blog\/wp-content\/uploads\/2022\/10\/IMG-0972-scaled-e1665922673113.jpg?resize=225%2C300&amp;ssl=1 225w, https:\/\/i0.wp.com\/www.matkailutoimittajienkilta.fi\/blog\/wp-content\/uploads\/2022\/10\/IMG-0972-scaled-e1665922673113.jpg?resize=1152%2C1536&amp;ssl=1 1152w, https:\/\/i0.wp.com\/www.matkailutoimittajienkilta.fi\/blog\/wp-content\/uploads\/2022\/10\/IMG-0972-scaled-e1665922673113.jpg?w=1280&amp;ssl=1 1280w\" sizes=\"(max-width: 702px) 100vw, 702px\" data-recalc-dims=\"1\" \/><p id=\"caption-attachment-4878\" class=\"wp-caption-text\">Pyh\u00e4-Nattasella yll\u00e4tti kova sumu, mutta korkeimmalle toorille piti kiivet\u00e4.<\/p><\/div>\n<hr \/>\n<p class=\"Normaali tm5\"><span class=\"tm6\">Lukemista Ruijan Polkua ja Pohjois-Suomen vaelluksia suunnitteleville:<br \/>\n<\/span><strong><span class=\"tm7\">Jouni Laaksonen<\/span><\/strong><span class=\"tm6\">: Pohjois-Suomen vaellusreitit (Minerva 2020)<br \/>\n<\/span><strong><span class=\"tm7\">Joel Ahola<\/span><\/strong><span class=\"tm6\"> ja <\/span><strong><span class=\"tm7\">Jouni Laaksonen<\/span><\/strong><span class=\"tm6\">: Suomen autiotuvat (Karttakeskus 2018)<br \/>\n<\/span><strong><span class=\"tm7\">Pepe Forsberg<\/span><\/strong><span class=\"tm6\"> ja <\/span><strong><span class=\"tm7\">Mikko Sorsa<\/span><\/strong><span class=\"tm6\"> (Kansallispuistot tutuiksi \u2013 Suomi retkeilij\u00e4n opas) (Karttakeskus 2020)<br \/>\n<\/span><span class=\"tm6\">Ulkoilukartta Saariselk\u00e4 \u2013 Sokosti (Karttakeskus 2019)<\/span><\/p>\n","protected":false},"excerpt":{"rendered":"<p>Pari viikkoa keltaista, oranssia, punaista, vihre\u00e4\u00e4 ja kaikkia niiden s\u00e4vyj\u00e4. Sitten luonto vaipuu talviunille. Teksti Heino Ylisipola Kuvat Heino ja Helena Ylisipola Punaisen, keltaisen, oranssin ja vihre\u00e4n kaikki v\u00e4ris\u00e4vyt. Ne kaikki vaeltaja l\u00f6yt\u00e4\u00e4 syksyisin Lapista. Luonto valmistautuu talviunille ja hyv\u00e4stele kairassa vaeltajan v\u00e4rien ilotulituksella. Sitten tulee lumi ja pitk\u00e4 talvi. Luonto lep\u00e4\u00e4 Lapista l\u00f6yt\u00e4\u00e4 jokainen<\/p>\n<div class=\"read-more\"><a href=\"https:\/\/www.matkailutoimittajienkilta.fi\/blog\/varit-loistavat-kilpaa-lapin-ruskassa\/\" title=\"Read More\">Read More<\/a><\/div>\n","protected":false},"author":15,"featured_media":4869,"comment_status":"closed","ping_status":"closed","sticky":false,"template":"","format":"standard","meta":{"footnotes":""},"categories":[759,2],"tags":[763],"jetpack_sharing_enabled":true,"jetpack_featured_media_url":"https:\/\/i0.wp.com\/www.matkailutoimittajienkilta.fi\/blog\/wp-content\/uploads\/2022\/10\/IMG-0890-scaled-e1665921527386.jpg?fit=1280%2C960&ssl=1","_links":{"self":[{"href":"https:\/\/www.matkailutoimittajienkilta.fi\/blog\/wp-json\/wp\/v2\/posts\/4862"}],"collection":[{"href":"https:\/\/www.matkailutoimittajienkilta.fi\/blog\/wp-json\/wp\/v2\/posts"}],"about":[{"href":"https:\/\/www.matkailutoimittajienkilta.fi\/blog\/wp-json\/wp\/v2\/types\/post"}],"author":[{"embeddable":true,"href":"https:\/\/www.matkailutoimittajienkilta.fi\/blog\/wp-json\/wp\/v2\/users\/15"}],"replies":[{"embeddable":true,"href":"https:\/\/www.matkailutoimittajienkilta.fi\/blog\/wp-json\/wp\/v2\/comments?post=4862"}],"version-history":[{"count":20,"href":"https:\/\/www.matkailutoimittajienkilta.fi\/blog\/wp-json\/wp\/v2\/posts\/4862\/revisions"}],"predecessor-version":[{"id":4891,"href":"https:\/\/www.matkailutoimittajienkilta.fi\/blog\/wp-json\/wp\/v2\/posts\/4862\/revisions\/4891"}],"wp:featuredmedia":[{"embeddable":true,"href":"https:\/\/www.matkailutoimittajienkilta.fi\/blog\/wp-json\/wp\/v2\/media\/4869"}],"wp:attachment":[{"href":"https:\/\/www.matkailutoimittajienkilta.fi\/blog\/wp-json\/wp\/v2\/media?parent=4862"}],"wp:term":[{"taxonomy":"category","embeddable":true,"href":"https:\/\/www.matkailutoimittajienkilta.fi\/blog\/wp-json\/wp\/v2\/categories?post=4862"},{"taxonomy":"post_tag","embeddable":true,"href":"https:\/\/www.matkailutoimittajienkilta.fi\/blog\/wp-json\/wp\/v2\/tags?post=4862"}],"curies":[{"name":"wp","href":"https:\/\/api.w.org\/{rel}","templated":true}]}}