{"id":4769,"date":"2022-08-23T19:10:55","date_gmt":"2022-08-23T17:10:55","guid":{"rendered":"https:\/\/www.matkailutoimittajienkilta.fi\/blog\/?p=4769"},"modified":"2022-11-29T15:29:58","modified_gmt":"2022-11-29T13:29:58","slug":"monipuolinen-kattaus-virolaista-taidetta","status":"publish","type":"post","link":"https:\/\/www.matkailutoimittajienkilta.fi\/blog\/monipuolinen-kattaus-virolaista-taidetta\/","title":{"rendered":"Monipuolinen kattaus virolaista taidetta"},"content":{"rendered":"<h3>Taidetta rakastaville Viron-k\u00e4vij\u00f6ille on vajaan parinsadan kilometrin p\u00e4\u00e4ss\u00e4 Tallinnasta it\u00e4\u00e4n n\u00e4kemisen arvoinen yksityinen taidemuseo Viinistu Kunstimuuseum Lahemaan kansallispuiston tuntumassa, meren tyrskyjen \u00e4\u00e4rell\u00e4.<\/h3>\n<p><strong>Teksti ja kuvat Marja-Liisa Kinturi<\/strong><\/p>\n<p class=\"Normaali tm5 tm6\"><span class=\"tm7\">Museon perusti tunnettu virolainen poliitikko ja yritt\u00e4j\u00e4 <\/span><strong><span class=\"tm8\">Jaan Manitski<\/span><\/strong><span class=\"tm7\">, joka pakeni toisen maailmansodan aikana <\/span><em><span class=\"tm9\">Ruotsiin<\/span><\/em><span class=\"tm7\"> ja palasi kotikonnuilleen <\/span><em><span class=\"tm9\">Viinistuun<\/span><\/em><span class=\"tm7\"> vasta 1989. Samoihin aikoihin h\u00e4n aloitti taiteen ker\u00e4\u00e4misen keskittym\u00e4ll\u00e4 nimenomaan virolaiseen taiteeseen saksalaisvallan ajoista nykyp\u00e4iv\u00e4\u00e4n. Kokoelma k\u00e4sitt\u00e4\u00e4 nykyisin yli 1000 taide-esinett\u00e4, enimm\u00e4kseen maalauksia.<\/span><\/p>\n<div id=\"attachment_4774\" style=\"width: 712px\" class=\"wp-caption alignnone\"><img loading=\"lazy\" decoding=\"async\" aria-describedby=\"caption-attachment-4774\" class=\"size-large wp-image-4774\" src=\"https:\/\/i0.wp.com\/www.matkailutoimittajienkilta.fi\/blog\/wp-content\/uploads\/2022\/08\/Teos-100-matkalaukkua-sopii-Matkailutoimittajien-imagoon_5208-scaled-e1661274577996-1024x768.jpg?resize=702%2C527&#038;ssl=1\" alt=\"Kuva - Betonimatkalaukut\" width=\"702\" height=\"527\" srcset=\"https:\/\/i0.wp.com\/www.matkailutoimittajienkilta.fi\/blog\/wp-content\/uploads\/2022\/08\/Teos-100-matkalaukkua-sopii-Matkailutoimittajien-imagoon_5208-scaled-e1661274577996.jpg?resize=1024%2C768&amp;ssl=1 1024w, https:\/\/i0.wp.com\/www.matkailutoimittajienkilta.fi\/blog\/wp-content\/uploads\/2022\/08\/Teos-100-matkalaukkua-sopii-Matkailutoimittajien-imagoon_5208-scaled-e1661274577996.jpg?resize=300%2C225&amp;ssl=1 300w, https:\/\/i0.wp.com\/www.matkailutoimittajienkilta.fi\/blog\/wp-content\/uploads\/2022\/08\/Teos-100-matkalaukkua-sopii-Matkailutoimittajien-imagoon_5208-scaled-e1661274577996.jpg?resize=768%2C576&amp;ssl=1 768w, https:\/\/i0.wp.com\/www.matkailutoimittajienkilta.fi\/blog\/wp-content\/uploads\/2022\/08\/Teos-100-matkalaukkua-sopii-Matkailutoimittajien-imagoon_5208-scaled-e1661274577996.jpg?w=1280&amp;ssl=1 1280w\" sizes=\"(max-width: 702px) 100vw, 702px\" data-recalc-dims=\"1\" \/><p id=\"caption-attachment-4774\" class=\"wp-caption-text\">Pihalla on vieraita vastassa Marko M\u00e4etammin ja Kaido Olen selv\u00e4stikin matkailutoimittajille omistettu teos, \u201d100 Kohvrit\u201d eli 100 matkalaukkua.<\/p><\/div>\n<h3>Moderni museorakennus meren \u00e4\u00e4rell\u00e4<\/h3>\n<p class=\"Normaali tm5 tm6\"><span class=\"tm7\">Museorakennusta laajennettiin kymmenkunta vuotta sitten arkkitehtien <\/span><strong><span class=\"tm8\">Emil Urbelin<\/span><\/strong><span class=\"tm7\"> ja <\/span><strong><span class=\"tm8\">Ainar Luikin<\/span><\/strong><span class=\"tm7\"> piirustusten mukaan. Maalaus- ja veistostaiteen ja erilaisten muiden taide-esineiden lis\u00e4ksi yksi kokonainen huone on omistettu<\/span><em><span class=\"tm9\"> Viron<\/span><\/em><span class=\"tm7\"> tunnetuimpiin graafikoihin kuuluvan <\/span><strong><span class=\"tm8\">Eduard Wiiraltin<\/span><\/strong><span class=\"tm7\"> t\u00f6ille.<\/span><\/p>\n<blockquote>\n<h2>Valoisa museo kehyst\u00e4\u00e4 monipuolisesti valittuja taideteoksia.<\/h2>\n<\/blockquote>\n<p class=\"Normaali tm5 tm6\"><span class=\"tm7\">Moderni ja valoisa museo kehyst\u00e4\u00e4 hienosti monipuolisesti valittuja taideteoksia. Ihmisk\u00e4den luomien teosten ohella museok\u00e4vij\u00e4 voi v\u00e4lill\u00e4 istahtaa ihailemaan suurista ikkunoista merelle avautuvaa \u201dluonnon taidetta\u201d.<\/span><\/p>\n<p class=\"Normaali tm5 tm6\"><span class=\"tm7\">Ulkona museo laajenee vanhoihin siiloihin, joiden ruostuneet kaarevat sein\u00e4t korostavat tilaan ripustettujen teosten ilmeikkyytt\u00e4.<\/span><\/p>\n<div id=\"attachment_4772\" style=\"width: 712px\" class=\"wp-caption alignnone\"><img loading=\"lazy\" decoding=\"async\" aria-describedby=\"caption-attachment-4772\" class=\"size-large wp-image-4772\" src=\"https:\/\/i0.wp.com\/www.matkailutoimittajienkilta.fi\/blog\/wp-content\/uploads\/2022\/08\/Siilojen-ruosteiset-seinat-luovat-taustan-ripustuksille_5194-scaled-e1661274441252-1024x768.jpg?resize=702%2C527&#038;ssl=1\" alt=\"Kuva - Vanhat siilot\" width=\"702\" height=\"527\" srcset=\"https:\/\/i0.wp.com\/www.matkailutoimittajienkilta.fi\/blog\/wp-content\/uploads\/2022\/08\/Siilojen-ruosteiset-seinat-luovat-taustan-ripustuksille_5194-scaled-e1661274441252.jpg?resize=1024%2C768&amp;ssl=1 1024w, https:\/\/i0.wp.com\/www.matkailutoimittajienkilta.fi\/blog\/wp-content\/uploads\/2022\/08\/Siilojen-ruosteiset-seinat-luovat-taustan-ripustuksille_5194-scaled-e1661274441252.jpg?resize=300%2C225&amp;ssl=1 300w, https:\/\/i0.wp.com\/www.matkailutoimittajienkilta.fi\/blog\/wp-content\/uploads\/2022\/08\/Siilojen-ruosteiset-seinat-luovat-taustan-ripustuksille_5194-scaled-e1661274441252.jpg?resize=768%2C576&amp;ssl=1 768w, https:\/\/i0.wp.com\/www.matkailutoimittajienkilta.fi\/blog\/wp-content\/uploads\/2022\/08\/Siilojen-ruosteiset-seinat-luovat-taustan-ripustuksille_5194-scaled-e1661274441252.jpg?w=1280&amp;ssl=1 1280w\" sizes=\"(max-width: 702px) 100vw, 702px\" data-recalc-dims=\"1\" \/><p id=\"caption-attachment-4772\" class=\"wp-caption-text\">Vanhat siilot pihalla t\u00e4ydent\u00e4v\u00e4t museon tiloja.<\/p><\/div>\n","protected":false},"excerpt":{"rendered":"<p>Taidetta rakastaville Viron-k\u00e4vij\u00f6ille on vajaan parinsadan kilometrin p\u00e4\u00e4ss\u00e4 Tallinnasta it\u00e4\u00e4n n\u00e4kemisen arvoinen yksityinen taidemuseo Viinistu Kunstimuuseum Lahemaan kansallispuiston tuntumassa, meren tyrskyjen \u00e4\u00e4rell\u00e4. Teksti ja kuvat Marja-Liisa Kinturi Museon perusti tunnettu virolainen poliitikko ja yritt\u00e4j\u00e4 Jaan Manitski, joka pakeni toisen maailmansodan aikana Ruotsiin ja palasi kotikonnuilleen Viinistuun vasta 1989. Samoihin aikoihin h\u00e4n aloitti taiteen ker\u00e4\u00e4misen keskittym\u00e4ll\u00e4<\/p>\n<div class=\"read-more\"><a href=\"https:\/\/www.matkailutoimittajienkilta.fi\/blog\/monipuolinen-kattaus-virolaista-taidetta\/\" title=\"Read More\">Read More<\/a><\/div>\n","protected":false},"author":15,"featured_media":4771,"comment_status":"closed","ping_status":"closed","sticky":false,"template":"","format":"standard","meta":{"footnotes":""},"categories":[3],"tags":[182],"jetpack_sharing_enabled":true,"jetpack_featured_media_url":"https:\/\/i0.wp.com\/www.matkailutoimittajienkilta.fi\/blog\/wp-content\/uploads\/2022\/08\/IMG_5182-Teokset-kertovat-myos-Viron-historian-vaikeista-ajoista-scaled-e1661274261890.jpg?fit=1280%2C960&ssl=1","_links":{"self":[{"href":"https:\/\/www.matkailutoimittajienkilta.fi\/blog\/wp-json\/wp\/v2\/posts\/4769"}],"collection":[{"href":"https:\/\/www.matkailutoimittajienkilta.fi\/blog\/wp-json\/wp\/v2\/posts"}],"about":[{"href":"https:\/\/www.matkailutoimittajienkilta.fi\/blog\/wp-json\/wp\/v2\/types\/post"}],"author":[{"embeddable":true,"href":"https:\/\/www.matkailutoimittajienkilta.fi\/blog\/wp-json\/wp\/v2\/users\/15"}],"replies":[{"embeddable":true,"href":"https:\/\/www.matkailutoimittajienkilta.fi\/blog\/wp-json\/wp\/v2\/comments?post=4769"}],"version-history":[{"count":5,"href":"https:\/\/www.matkailutoimittajienkilta.fi\/blog\/wp-json\/wp\/v2\/posts\/4769\/revisions"}],"predecessor-version":[{"id":4777,"href":"https:\/\/www.matkailutoimittajienkilta.fi\/blog\/wp-json\/wp\/v2\/posts\/4769\/revisions\/4777"}],"wp:featuredmedia":[{"embeddable":true,"href":"https:\/\/www.matkailutoimittajienkilta.fi\/blog\/wp-json\/wp\/v2\/media\/4771"}],"wp:attachment":[{"href":"https:\/\/www.matkailutoimittajienkilta.fi\/blog\/wp-json\/wp\/v2\/media?parent=4769"}],"wp:term":[{"taxonomy":"category","embeddable":true,"href":"https:\/\/www.matkailutoimittajienkilta.fi\/blog\/wp-json\/wp\/v2\/categories?post=4769"},{"taxonomy":"post_tag","embeddable":true,"href":"https:\/\/www.matkailutoimittajienkilta.fi\/blog\/wp-json\/wp\/v2\/tags?post=4769"}],"curies":[{"name":"wp","href":"https:\/\/api.w.org\/{rel}","templated":true}]}}