{"id":3653,"date":"2020-11-17T13:16:08","date_gmt":"2020-11-17T11:16:08","guid":{"rendered":"http:\/\/www.matkailutoimittajienkilta.fi\/?p=3653"},"modified":"2020-11-17T13:38:39","modified_gmt":"2020-11-17T11:38:39","slug":"viro-taipui-neuvostoaikana-mutta-ei-taittunut","status":"publish","type":"post","link":"https:\/\/www.matkailutoimittajienkilta.fi\/blog\/viro-taipui-neuvostoaikana-mutta-ei-taittunut\/","title":{"rendered":"Viro taipui neuvostoaikana, mutta ei taittunut"},"content":{"rendered":"<h3><span style=\"color: #000000;\"><b>Paula Havasteen kirjasarja Saarenmaalta kertoo Viljan ja Villemin selvitymistarinan neuvostomiehityksen aikana<\/b><\/span><\/h3>\n<p><span style=\"color: #000000;\"><b>Teksti Heino Ylisipola<\/b><\/span><\/p>\n<p><span style=\"color: #000000;\"><b>Kuvat Gummerus ja Marek Sabogal<\/b><\/span><\/p>\n<p><span style=\"color: #000000;\"><span style=\"font-weight: 400;\">Kes\u00e4kuun 14. p\u00e4iv\u00e4 ja y\u00f6 1941 oli <\/span><i><span style=\"font-weight: 400;\">Virossa<\/span><\/i><span style=\"font-weight: 400;\"> j\u00e4rkytt\u00e4v\u00e4. Y\u00f6n aikana Virosta karkotettiin yli 9\u00a0000 ihmist\u00e4 <\/span><i><span style=\"font-weight: 400;\">Siperiaan<\/span><\/i><span style=\"font-weight: 400;\">. Kolmasosa heist\u00e4 oli lapsia. Noin 50 naista oli raskaana. Mik\u00e4\u00e4n ei auttanut, koska he olivat neuvostotulkinnan mukaan kansanvihollisia. Vain vajaa puolet palasi sodan j\u00e4lkeen Viroon.<\/span><\/span><\/p>\n<p><span style=\"color: #000000;\"><span style=\"font-weight: 400;\">Viro oli liitetty vuotta aikaisemmin, kes\u00e4ll\u00e4 1940 osaksi <\/span><i><span style=\"font-weight: 400;\">Neuvostoliittoa<\/span><\/i><span style=\"font-weight: 400;\">. Hein\u00e4kuussa oli pidetty vaalit, joissa ainoa sallittu puolue, Viron kommunistinen puolue, sai noin 90 prosenttia \u00e4\u00e4nist\u00e4.<\/span><\/span><\/p>\n<p><span style=\"font-weight: 400; color: #000000;\">Suurempi kyyditysoperaatio oli viel\u00e4 tulossa. Kev\u00e4\u00e4ll\u00e4, maaliskuussa 1949 oli toinen kohtalokas kauhujen y\u00f6. Virosta karkotettiin Siperiaan noin 21\u00a0000 ihmist\u00e4. Neuvosto-Virossa toimi ilmiantajien verkosto: opettajat, sotilaat, toimittajat, virkamiehet ja monet maanviljelij\u00e4t olivat ep\u00e4ilytt\u00e4vi\u00e4. Ihmiset koottiin h\u00e4rk\u00e4vaunuihin viikkojen matkalle kohti Siperiaa.<\/span><\/p>\n<p><span style=\"color: #000000;\"><span style=\"font-weight: 400;\">Viron edesmennyt presidentti <\/span><b>Lennart Meri<\/b><span style=\"font-weight: 400;\"> on kertonut, ett\u00e4 h\u00e4nen perheelleen <\/span><i><span style=\"font-weight: 400;\">Tallinnassa<\/span><\/i><span style=\"font-weight: 400;\"> kes\u00e4ll\u00e4 1940, neuvostomiehityksen alettua, annettiin 20 minuuttia aikaa ker\u00e4t\u00e4 matkatavaroita ja sitten odottavaan junaan ja kohti Siperiaa. Perheen talvitakit l\u00f6ytyiv\u00e4t viime tingassa ja ne saatiin ottaa mukaan. Ne pelastivat paleltumiselta ja kuolemalta.<\/span><\/span><\/p>\n<h3><span style=\"color: #000000;\"><b>Havaste vie<\/b> <b>Saarenmaalle<\/b><\/span><\/h3>\n<p><span style=\"color: #000000;\"><span style=\"font-weight: 400;\">Kirjailija <\/span><b>Paula Havaste<\/b><span style=\"font-weight: 400;\">, 59, on kirjoittamassa nelj\u00e4n romaanin saagaa ihmisten arjesta ja selviytymisest\u00e4 <\/span><i><span style=\"font-weight: 400;\">Saarenmaalla<\/span><\/i><span style=\"font-weight: 400;\"> neuvostomiehityksen aikana. Kirjat ovat <\/span><i><span style=\"font-weight: 400;\">Pronssit\u00e4hti<\/span><\/i><span style=\"font-weight: 400;\"> (2018), <\/span><i><span style=\"font-weight: 400;\">Vierashuoneet<\/span><\/i><span style=\"font-weight: 400;\"> (2019) ja <\/span><i><span style=\"font-weight: 400;\">Morsiusmalja<\/span><\/i><span style=\"font-weight: 400;\"> (2020). Sarja p\u00e4\u00e4tyy, kun kev\u00e4\u00e4ll\u00e4 2021 ilmestyy nelj\u00e4s kirja <\/span><i><span style=\"font-weight: 400;\">Saarelaislaulu<\/span><\/i><span style=\"font-weight: 400;\">.<\/span><\/span><\/p>\n<div id=\"attachment_3655\" style=\"width: 282px\" class=\"wp-caption alignright\"><img loading=\"lazy\" decoding=\"async\" aria-describedby=\"caption-attachment-3655\" class=\"wp-image-3655\" src=\"https:\/\/i0.wp.com\/www.matkailutoimittajienkilta.fi\/blog\/wp-content\/uploads\/2020\/11\/havaste1.png?resize=272%2C408&#038;ssl=1\" alt=\"\" width=\"272\" height=\"408\" srcset=\"https:\/\/i0.wp.com\/www.matkailutoimittajienkilta.fi\/blog\/wp-content\/uploads\/2020\/11\/havaste1.png?resize=200%2C300&amp;ssl=1 200w, https:\/\/i0.wp.com\/www.matkailutoimittajienkilta.fi\/blog\/wp-content\/uploads\/2020\/11\/havaste1.png?w=274&amp;ssl=1 274w\" sizes=\"(max-width: 272px) 100vw, 272px\" data-recalc-dims=\"1\" \/><p id=\"caption-attachment-3655\" class=\"wp-caption-text\">Paula Havaste on filosofian tohtori ja kirjailija. Esikoisromaani Kymmenen onnen Anna ilmestyi 2003. Sen j\u00e4lkeen h\u00e4nelt\u00e4 on ilmestynyt yli 20 kirjaa. Saarenmaa-sarjaan kuuluu nelj\u00e4 kirjaa. Kuva: Marek Sabogal<\/p><\/div>\n<p><span style=\"font-weight: 400; color: #000000;\">Saarenmaa koki neuvostomiehityksen manner-Viron tapaan hyvin raskaana. Ihmisten piti vain selvit\u00e4 p\u00e4iv\u00e4st\u00e4 toiseen. Piti vain mukautua. K\u00e4yd\u00e4 t\u00f6iss\u00e4 kolhoosissa tai sovhoosissa.<\/span><\/p>\n<p><span style=\"font-weight: 400; color: #000000;\">Havaste tuntee Saarenmaan, sill\u00e4 h\u00e4n viett\u00e4nyt siell\u00e4 kesi\u00e4\u00e4n yli kymmenen vuoden ajan. H\u00e4n osaa viroa, on opiskellut maan kulttuuria ja haastatellut saarenmaalaisia.<\/span><\/p>\n<p><span style=\"color: #000000;\"><span style=\"font-weight: 400;\">On syntynyt uskottavan tuntuinen kertomus saarelaisperheen, <\/span><b>Vilja<\/b><span style=\"font-weight: 400;\"> ja <\/span><b>Villem Talvik<\/b><span style=\"font-weight: 400;\">, el\u00e4m\u00e4st\u00e4 Neuvosto-Virossa. Kirjojen ajanjakso alkaa vuodesta 1949, jolloin Neuvostoliiton johtaja <\/span><b>Josif Stalin <\/b><span style=\"font-weight: 400;\">oli viel\u00e4 voimissaan. Samana vuonna oli Viron historian suurin pid\u00e4tys- ja kyyditysaalto Siperiaan.<\/span><\/span><\/p>\n<p><span style=\"color: #000000;\"><span style=\"font-weight: 400;\">My\u00f6s muut <\/span><i><span style=\"font-weight: 400;\">Baltian <\/span><\/i><span style=\"font-weight: 400;\">maat jakoivat saman kohtalon: kansanvihollisia tai muuten ep\u00e4ilytt\u00e4vi\u00e4 ihmisi\u00e4 l\u00f6ytyi kymmeni\u00e4tuhansia. Kaikilla oli edess\u00e4\u00e4n karkotus Siperiaan tai kauaksi kotiseuduiltaan. Stalin vangitutti ja l\u00e4hetti vankiloihin ja ty\u00f6leireille, <\/span><i><span style=\"font-weight: 400;\">gulageihin<\/span><\/i><span style=\"font-weight: 400;\">, miljoonittain my\u00f6s oman maansa kansalaisia.<\/span><\/span><\/p>\n<h3><span style=\"color: #000000;\"><b>Villem Talvik<\/b> <b>voittaa runokilpailun<\/b><\/span><\/h3>\n<p><span style=\"color: #000000;\"><span style=\"font-weight: 400;\">Villem Talvik kirjoittaa luontorunoja. H\u00e4n voittaa runokilpailun ja edess\u00e4 on matka Tallinnan kulttuurikeskukseen. H\u00e4nelle j\u00e4rjestet\u00e4\u00e4n hieno iltajuhla, jossa h\u00e4n pokkaa kunniakirjan ja <\/span><span style=\"font-weight: 400;\">pronssit\u00e4hden<\/span><span style=\"font-weight: 400;\"> runostaan. Villemin kirjailijanura saa alkunsa.<\/span><\/span><\/p>\n<p><span style=\"color: #000000;\"><span style=\"font-weight: 400;\">Kirjojen kertoja ja ajattelija on herk\u00e4sti tunteva Vilja, jolla on saksalaismiehityksen ajalta salaisuuksia, jotka eiv\u00e4t saa miss\u00e4\u00e4n nimess\u00e4 tulla ilmi. Viro oli toisen maailmansodan aikana, 1941-1944, my\u00f6s <\/span><i><span style=\"font-weight: 400;\">Saksan<\/span><\/i><span style=\"font-weight: 400;\"> miehitt\u00e4m\u00e4.<\/span><\/span><\/p>\n<p><span style=\"font-weight: 400; color: #000000;\">Vilja ajattelee ja toivoo hiljaa mieless\u00e4\u00e4n, ett\u00e4 jonakin p\u00e4iv\u00e4n\u00e4 Viro voisi olla taas vapaa maa.<\/span><\/p>\n<p><span style=\"font-weight: 400; color: #000000;\">Vilja ja Villem k\u00e4yv\u00e4t t\u00f6iss\u00e4 kalasovhoosissa. He el\u00e4v\u00e4t Villemin kotitalossa, jonka pellot ja mets\u00e4t on otettu karjakolhoosin haltuun. Heille on j\u00e4tetty yksi lehm\u00e4, kanoja, hevonen, mehil\u00e4isi\u00e4 ja kasvimaa.<\/span><\/p>\n<p><span style=\"font-weight: 400; color: #000000;\">Havaste kuvaa el\u00e4ytyv\u00e4sti ja herk\u00e4sti kolhoosilaisten arkea Saarenmaalla. Viljan toiveet ovat pieni\u00e4. H\u00e4n haluaisi ostaa itselleen silkkihuivin ja kotiin uuden kattilan, ehk\u00e4 huulipunan ja Villemille, jonka kirjoittajan ura on alussa, paljon kirjoituspaperia.<\/span><\/p>\n<h3><span style=\"color: #000000;\"><b>Perkuup\u00f6yd\u00e4n \u00e4\u00e4relt\u00e4<\/b> <b>majatalon em\u00e4nn\u00e4ksi<\/b><\/span><\/h3>\n<p><span style=\"color: #000000;\"><span style=\"font-weight: 400;\">Villemin ja Viljan talossa asuu kaksi miest\u00e4 <\/span><b>Arvo<\/b><span style=\"font-weight: 400;\"> ja <\/span><b>Ants<\/b><span style=\"font-weight: 400;\">, jotka kalasovhoosin t\u00f6iden j\u00e4lkeen huolehtivat my\u00f6s Talvikien talon raskaammista t\u00f6ist\u00e4. Vilja huolehtii kodin jokap\u00e4iv\u00e4isist\u00e4 t\u00f6ist\u00e4 ja pienest\u00e4 pojastaan, <\/span><b>Meeliksest\u00e4<\/b><span style=\"font-weight: 400;\">. Villem omistautuu kirjoittamiselle v\u00e4hitellen l\u00e4hes kokonaan.<\/span><\/span><\/p>\n<div id=\"attachment_3656\" style=\"width: 263px\" class=\"wp-caption alignleft\"><img loading=\"lazy\" decoding=\"async\" aria-describedby=\"caption-attachment-3656\" class=\"wp-image-3656\" src=\"https:\/\/i0.wp.com\/www.matkailutoimittajienkilta.fi\/blog\/wp-content\/uploads\/2020\/11\/unnamed.jpg?resize=253%2C383&#038;ssl=1\" alt=\"\" width=\"253\" height=\"383\" srcset=\"https:\/\/i0.wp.com\/www.matkailutoimittajienkilta.fi\/blog\/wp-content\/uploads\/2020\/11\/unnamed.jpg?resize=198%2C300&amp;ssl=1 198w, https:\/\/i0.wp.com\/www.matkailutoimittajienkilta.fi\/blog\/wp-content\/uploads\/2020\/11\/unnamed.jpg?w=202&amp;ssl=1 202w\" sizes=\"(max-width: 253px) 100vw, 253px\" data-recalc-dims=\"1\" \/><p id=\"caption-attachment-3656\" class=\"wp-caption-text\">Paula Havasteen kirja Vierashuoneet kertoo ajasta, kun Viljan ty\u00f6t kalasovhoosissa p\u00e4\u00e4ttyv\u00e4t ja h\u00e4n alkaa hoitaa majatalon em\u00e4nn\u00f6inti\u00e4.<\/p><\/div>\n<p><span style=\"font-weight: 400; color: #000000;\">Talvikien el\u00e4m\u00e4 saa uuden suunnan kohti parempia aikoja, kun heid\u00e4n pihapiiriins\u00e4 p\u00e4\u00e4tet\u00e4\u00e4n perustaa taiteilijoiden t\u00e4ysihoitola. Kulttuurip\u00e4\u00e4sihteeri Tallinnasta l\u00e4hett\u00e4\u00e4 Saarenmaalle kirjailijoita, k\u00e4\u00e4nt\u00e4ji\u00e4, taidemaalareita ja n\u00e4yttelij\u00f6it\u00e4, jotta n\u00e4m\u00e4 voivat keskitty\u00e4 luomisty\u00f6h\u00f6ns\u00e4 vailla suurkaupungin houkutuksia.<\/span><\/p>\n<p><span style=\"font-weight: 400; color: #000000;\">Rakennusprikaati valmistaa vierashuoneita, joihin taiteilijat majoittuvat. Vilja laittaa heille ruokaa ja pesee heid\u00e4n pyykkins\u00e4 omien kotit\u00f6idens\u00e4 ohella. Vilja vapautetaan kalasovhoosin perkuup\u00f6yd\u00e4n \u00e4\u00e4rest\u00e4 oman t\u00e4ysihoitolan t\u00f6ihin. Toki h\u00e4n k\u00e4y Villemin kanssa sunnuntaisin talkoissa kalasovhoosissa.<\/span><\/p>\n<h3><span style=\"color: #000000;\"><b>Filmiryhm\u00e4 saapuu<\/b> <b>Saarenmaalle<\/b><\/span><\/h3>\n<p><span style=\"color: #000000;\"><span style=\"font-weight: 400;\">Talvikien el\u00e4m\u00e4npiiri saa uutta hohdetta, kun Tallinnasta saapuu 14 henkil\u00f6\u00e4 filmin tekoon. He viipyv\u00e4t per\u00e4ti kaksi kuukautta. Ruokaa tarvitaan paljon. Vilja saa avukseen nuoren naisen <\/span><b>Aiven<\/b><\/span><span style=\"font-weight: 400;\"><span style=\"color: #000000;\">, joka auttaa vieraiden passaamisessa. Aive on herkk\u00e4 ja s\u00e4ikky nuori nainen, joka pelk\u00e4\u00e4 miehi\u00e4. H\u00e4net on raiskattu Tallinnassa ja h\u00e4n on raskaana. H\u00e4net l\u00e4hetet\u00e4\u00e4n toipumaan Saarenmaalle Talvikien perheeseen.<\/span><\/span><\/p>\n<p><span style=\"font-weight: 400; color: #000000;\">Havaste kertoo v\u00e4lill\u00e4 hyvinkin yksityiskohtaisesti Talvikien arjesta. Viljalla on sisimm\u00e4ss\u00e4\u00e4n kaipuu, ett\u00e4 Viro voisi hengitt\u00e4\u00e4 vapaasti eik\u00e4 tarvitsisi pel\u00e4t\u00e4 ilmiantajia ja mustia autoja. Havaste kuvaa tarkasti ihmisten arkisia tuntoja, joissa on v\u00e4lill\u00e4 auringonpaistettakin.<\/span><\/p>\n<p><span style=\"font-weight: 400; color: #000000;\">Vilja on pahoilla mielin, kun Villem joutuu ottamaan kommunistipuolueen j\u00e4senkirjan. Jos haluaa apurahoja ja ett\u00e4 runoja julkaistaan, on pakko alistua. Vilja tuntuu sen ymm\u00e4rt\u00e4v\u00e4n.<\/span><\/p>\n<h2><span style=\"color: #000000;\"><b>Vilja ajattelee ja toivoo hiljaa mieless\u00e4\u00e4n, ett\u00e4 jonakin p\u00e4iv\u00e4n\u00e4 Viro voisi olla taas vapaa maa.<\/b><\/span><\/h2>\n<p><span style=\"font-weight: 400; color: #000000;\">Havaste sivuaa kirjoissaan my\u00f6s mets\u00e4velji\u00e4, jotka sananmukaisesti eliv\u00e4t metsiss\u00e4 ja vastustivat neuvostovaltaa. Vilja toimittaa silloin t\u00e4ll\u00f6in ruokaa ja vaatteita mets\u00e4veljille, mik\u00e4 on \u00e4\u00e4rimm\u00e4isen uskallettua. Mets\u00e4veljist\u00e4 olisi voinut kirjoittaa enemm\u00e4nkin.<\/span><\/p>\n<p><span style=\"font-weight: 400; color: #000000;\">On arvioitu, ett\u00e4 vuosina 1945 &#8211; 1952 mets\u00e4veljiin kuului Virossa enimmill\u00e4\u00e4n jopa 40\u00a0000 miest\u00e4. Mets\u00e4veljet ry\u00f6stiv\u00e4t rahakuljetuksia, esimerkiksi maanviljelij\u00f6ilt\u00e4 perittyj\u00e4 veroja ja palauttivat rahat viljelij\u00f6ille. Mets\u00e4velji\u00e4 jahdattiin ja heit\u00e4 auttaneita rangaistiin ankarasti. Noin 10\u00a0000 mets\u00e4velji\u00e4 kuoli kahakoissa ja taisteluissa.<\/span><\/p>\n<h3><span style=\"color: #000000;\"><b>Olot helpottuvat<\/b> <b>v\u00e4h\u00e4n 1960-luvulla<\/b><\/span><\/h3>\n<p><span style=\"color: #000000;\"><span style=\"font-weight: 400;\">Havasteen Saarenmaa-sarjan nelj\u00e4s kirja Saarelaislaulu p\u00e4\u00e4ttyy vuoteen 1967, jolloin Vilja saa yhdess\u00e4 tytt\u00e4rens\u00e4 <\/span><b>Merlen<\/b><span style=\"font-weight: 400;\"> ja majatalon apulaisen Aiven pojan <\/span><b>Vilmarin<\/b><span style=\"font-weight: 400;\"> kanssa matkustusluvan Tallinnaan. He saavat edustaa Viron neuvostotasavallan nuoria kommunisteja <\/span><i><span style=\"font-weight: 400;\">Suomen<\/span><\/i><span style=\"font-weight: 400;\"> pioneerien kes\u00e4leirill\u00e4.<\/span><\/span><\/p>\n<p><span style=\"color: #000000;\"><span style=\"font-weight: 400;\">Viro oli suomalaisille ja l\u00e4ntiselle maailmalle suljettu maa 1960-luvun lopulle saakka. Suomalaisille hyvin k\u00e4\u00e4nteentekev\u00e4 merkkipaalu oli tasavallan presidentti <\/span><b>Urho Kekkosen<\/b><span style=\"font-weight: 400;\"> yll\u00e4tysvierailu <em>Tarttoon<\/em> kev\u00e4\u00e4ll\u00e4 1964.<\/span><\/span><\/p>\n<p><span style=\"color: #000000;\"><span style=\"font-weight: 400;\">Kekkonen oli palaamassa valtiovierailulta <\/span><i><span style=\"font-weight: 400;\">Puolasta<\/span><\/i><span style=\"font-weight: 400;\">. H\u00e4n oli saanut neuvostojohdolta luvan pys\u00e4hty\u00e4 kotimatkalla Virossa ja k\u00e4yd\u00e4 <\/span><span style=\"font-weight: 400;\">Tartossa<\/span><span style=\"font-weight: 400;\">, joka oli h\u00e4nelle tuttu kaupunki jo ennen toista maailmansotaa. Kekkonen oli maininnut <\/span><i><span style=\"font-weight: 400;\">Moskovalle<\/span><\/i><span style=\"font-weight: 400;\">, ett\u00e4 h\u00e4n aikoo pit\u00e4\u00e4 my\u00f6s puheen Tartossa.<\/span><\/span><\/p>\n<p><span style=\"font-weight: 400; color: #000000;\">Tulkit olivat valmiina Tarton yliopiston juhlasalissa, kun Kekkonen saapui. Kekkonen pitikin puheensa viroksi! H\u00e4n oli unohtanut mainita siit\u00e4 Moskovalle, niin j\u00e4lkeenp\u00e4in kerrottiin. Vain ven\u00e4j\u00e4\u00e4 osanneet is\u00e4nn\u00e4t olivat \u00e4llik\u00e4ll\u00e4 ly\u00f6tyj\u00e4.<\/span><\/p>\n<p><span style=\"font-weight: 400; color: #000000;\">Virolaiset is\u00e4nn\u00e4t ovat my\u00f6hemmin kertoneet, ett\u00e4 tuo puhe rohkaisi virolaisia enemm\u00e4n kuin uskotaankaan. Laulava vallankumous sai kipin\u00e4n, joka leimahti roihuun kes\u00e4ll\u00e4 1991, kun Viro itsen\u00e4istyi uudelleen.<\/span><\/p>\n<div id=\"attachment_3657\" style=\"width: 269px\" class=\"wp-caption alignright\"><img loading=\"lazy\" decoding=\"async\" aria-describedby=\"caption-attachment-3657\" class=\"wp-image-3657 \" src=\"https:\/\/i0.wp.com\/www.matkailutoimittajienkilta.fi\/blog\/wp-content\/uploads\/2020\/11\/unnamed-1.jpg?resize=259%2C375&#038;ssl=1\" alt=\"\" width=\"259\" height=\"375\" data-recalc-dims=\"1\" \/><p id=\"caption-attachment-3657\" class=\"wp-caption-text\">Morsiusmalja kertoo Saarenmaan kes\u00e4st\u00e4 Viljan ja Villemin majatalossa, jonne saapuu Tallinnasta filmiryhm\u00e4.<\/p><\/div>\n<div id=\"attachment_3658\" style=\"width: 239px\" class=\"wp-caption alignnone\"><img loading=\"lazy\" decoding=\"async\" aria-describedby=\"caption-attachment-3658\" class=\"wp-image-3658\" src=\"https:\/\/i0.wp.com\/www.matkailutoimittajienkilta.fi\/blog\/wp-content\/uploads\/2020\/11\/havaste4.jpg?resize=229%2C360&#038;ssl=1\" alt=\"\" width=\"229\" height=\"360\" srcset=\"https:\/\/i0.wp.com\/www.matkailutoimittajienkilta.fi\/blog\/wp-content\/uploads\/2020\/11\/havaste4.jpg?resize=191%2C300&amp;ssl=1 191w, https:\/\/i0.wp.com\/www.matkailutoimittajienkilta.fi\/blog\/wp-content\/uploads\/2020\/11\/havaste4.jpg?w=217&amp;ssl=1 217w\" sizes=\"(max-width: 229px) 100vw, 229px\" data-recalc-dims=\"1\" \/><p id=\"caption-attachment-3658\" class=\"wp-caption-text\">Pronssit\u00e4hti aloittaa Havasteen Saarenmaa-sarjan. Elet\u00e4\u00e4n vuotta 1949. Talonpoika Villem voittaa runokilpailun ja l\u00e4htee Tallinnaan hakemaan palkintoa, kunniakirjaa ja pronssit\u00e4hte\u00e4.<\/p><\/div>\n<p>&nbsp;<\/p>\n<p>&nbsp;<\/p>\n","protected":false},"excerpt":{"rendered":"<p>Paula Havasteen kirjasarja Saarenmaalta kertoo Viljan ja Villemin selvitymistarinan neuvostomiehityksen aikana Teksti Heino Ylisipola Kuvat Gummerus ja Marek Sabogal Kes\u00e4kuun 14. p\u00e4iv\u00e4 ja y\u00f6 1941 oli Virossa j\u00e4rkytt\u00e4v\u00e4. Y\u00f6n aikana Virosta karkotettiin yli 9\u00a0000 ihmist\u00e4 Siperiaan. Kolmasosa heist\u00e4 oli lapsia. Noin 50 naista oli raskaana. Mik\u00e4\u00e4n ei auttanut, koska he olivat neuvostotulkinnan mukaan kansanvihollisia. Vain<\/p>\n<div class=\"read-more\"><a href=\"https:\/\/www.matkailutoimittajienkilta.fi\/blog\/viro-taipui-neuvostoaikana-mutta-ei-taittunut\/\" title=\"Read More\">Read More<\/a><\/div>\n","protected":false},"author":15,"featured_media":3654,"comment_status":"closed","ping_status":"closed","sticky":false,"template":"","format":"standard","meta":{"footnotes":""},"categories":[3],"tags":[612,613,614,89],"jetpack_sharing_enabled":true,"jetpack_featured_media_url":"https:\/\/i0.wp.com\/www.matkailutoimittajienkilta.fi\/blog\/wp-content\/uploads\/2020\/11\/IMG_6940-scaled.jpg?fit=1596%2C924&ssl=1","_links":{"self":[{"href":"https:\/\/www.matkailutoimittajienkilta.fi\/blog\/wp-json\/wp\/v2\/posts\/3653"}],"collection":[{"href":"https:\/\/www.matkailutoimittajienkilta.fi\/blog\/wp-json\/wp\/v2\/posts"}],"about":[{"href":"https:\/\/www.matkailutoimittajienkilta.fi\/blog\/wp-json\/wp\/v2\/types\/post"}],"author":[{"embeddable":true,"href":"https:\/\/www.matkailutoimittajienkilta.fi\/blog\/wp-json\/wp\/v2\/users\/15"}],"replies":[{"embeddable":true,"href":"https:\/\/www.matkailutoimittajienkilta.fi\/blog\/wp-json\/wp\/v2\/comments?post=3653"}],"version-history":[{"count":8,"href":"https:\/\/www.matkailutoimittajienkilta.fi\/blog\/wp-json\/wp\/v2\/posts\/3653\/revisions"}],"predecessor-version":[{"id":3666,"href":"https:\/\/www.matkailutoimittajienkilta.fi\/blog\/wp-json\/wp\/v2\/posts\/3653\/revisions\/3666"}],"wp:featuredmedia":[{"embeddable":true,"href":"https:\/\/www.matkailutoimittajienkilta.fi\/blog\/wp-json\/wp\/v2\/media\/3654"}],"wp:attachment":[{"href":"https:\/\/www.matkailutoimittajienkilta.fi\/blog\/wp-json\/wp\/v2\/media?parent=3653"}],"wp:term":[{"taxonomy":"category","embeddable":true,"href":"https:\/\/www.matkailutoimittajienkilta.fi\/blog\/wp-json\/wp\/v2\/categories?post=3653"},{"taxonomy":"post_tag","embeddable":true,"href":"https:\/\/www.matkailutoimittajienkilta.fi\/blog\/wp-json\/wp\/v2\/tags?post=3653"}],"curies":[{"name":"wp","href":"https:\/\/api.w.org\/{rel}","templated":true}]}}