{"id":336,"date":"2017-09-25T15:52:33","date_gmt":"2017-09-25T13:52:33","guid":{"rendered":"http:\/\/35.156.251.224\/?p=336"},"modified":"2018-01-08T14:19:49","modified_gmt":"2018-01-08T12:19:49","slug":"pietari-uskoo-suomalaisiin","status":"publish","type":"post","link":"https:\/\/www.matkailutoimittajienkilta.fi\/blog\/pietari-uskoo-suomalaisiin\/","title":{"rendered":"Pietari uskoo suomalaisiin"},"content":{"rendered":"<div class=\"madpages_component\">\n<div class=\"kskpage_title_comp\">\n<h1 id=\"madpages_element_title_190_1\" class=\"madpages_element\" data-ksk-type=\"title\" data-ksk-el-id=\"190_1\"><b style=\"font-size: 14px; color: #606569;\">Julkaistu 1.4.2014<\/b><\/h1>\n<\/div>\n<\/div>\n<div class=\"madpages_component\">\n<div class=\"kskpage_text_comp\">\n<div id=\"madpages_element_paragraph_191_1\" class=\"madpages_element madpages_paragraph \" data-ksk-type=\"paragraph\" data-ksk-el-id=\"191_1\">\n<p><i>Teksti Reijo H\u00e4rk\u00f6nen, kuvat Adri\u00e1n Soto<\/i><b>St. Peter Linen ja Pietarin kaupungin edustajat vierailivat Helsingiss\u00e4 kertomassa ajankohtaisista asioista, kun Sot\u0161ista palannut m\/s Princess Maria aloitti risteilykauden Helsingist\u00e4 Pietariin. L\u00e4nsiterminaalin tapahtumassa oli mukana ven\u00e4l\u00e4inen ja suomalainen media sek\u00e4 suomalaisia matkanj\u00e4rjest\u00e4ji\u00e4 ja matkatoimistojen edustajia.<\/b><\/p>\n<\/div>\n<\/div>\n<\/div>\n<div class=\"madpages_component\">\n<div class=\"madpages_image_container className \">\n<div id=\"attachment_691\" style=\"width: 322px\" class=\"wp-caption alignleft\"><img loading=\"lazy\" decoding=\"async\" aria-describedby=\"caption-attachment-691\" class=\"wp-image-691 size-full\" src=\"https:\/\/i0.wp.com\/www.matkailutoimittajienkilta.fi\/blog\/wp-content\/uploads\/2018\/01\/peter1_312x.png?resize=312%2C165&#038;ssl=1\" alt=\"\" width=\"312\" height=\"165\" srcset=\"https:\/\/i0.wp.com\/www.matkailutoimittajienkilta.fi\/blog\/wp-content\/uploads\/2018\/01\/peter1_312x.png?w=312&amp;ssl=1 312w, https:\/\/i0.wp.com\/www.matkailutoimittajienkilta.fi\/blog\/wp-content\/uploads\/2018\/01\/peter1_312x.png?resize=300%2C159&amp;ssl=1 300w\" sizes=\"(max-width: 312px) 100vw, 312px\" data-recalc-dims=\"1\" \/><p id=\"caption-attachment-691\" class=\"wp-caption-text\">St. Peter Line on liikenn\u00f6inyt Helsingist\u00e4 jo nelj\u00e4 vuotta.<\/p><\/div>\n<div id=\"attachment_692\" style=\"width: 322px\" class=\"wp-caption alignleft\"><img loading=\"lazy\" decoding=\"async\" aria-describedby=\"caption-attachment-692\" class=\"size-full wp-image-692\" src=\"https:\/\/i0.wp.com\/www.matkailutoimittajienkilta.fi\/blog\/wp-content\/uploads\/2018\/01\/peter2_312x.png?resize=312%2C173&#038;ssl=1\" alt=\"\" width=\"312\" height=\"173\" srcset=\"https:\/\/i0.wp.com\/www.matkailutoimittajienkilta.fi\/blog\/wp-content\/uploads\/2018\/01\/peter2_312x.png?w=312&amp;ssl=1 312w, https:\/\/i0.wp.com\/www.matkailutoimittajienkilta.fi\/blog\/wp-content\/uploads\/2018\/01\/peter2_312x.png?resize=300%2C166&amp;ssl=1 300w\" sizes=\"(max-width: 312px) 100vw, 312px\" data-recalc-dims=\"1\" \/><p id=\"caption-attachment-692\" class=\"wp-caption-text\">Helsingiss\u00e4 Pietarin asioista kertoivat St. Peter Linen p\u00e4\u00e4johtaja Sergei Kotenev, Pietarin matkailukomitean varapuheenjohtaja Aleksander Shapkin ja Helsingin kaupungin elinkeinop\u00e4\u00e4llikk\u00f6 Nyrki Tuominen.<\/p><\/div>\n<\/div>\n<div class=\"madpages_image_container className \"><\/div>\n<\/div>\n<div class=\"madpages_component\">\n<div class=\"kskpage_text_comp\">\n<div id=\"madpages_element_paragraph_193_1\" class=\"madpages_element madpages_paragraph \" data-ksk-type=\"paragraph\" data-ksk-el-id=\"193_1\">\n<p>&nbsp;<\/p>\n<p>&nbsp;<\/p>\n<p>&nbsp;<\/p>\n<p>&nbsp;<\/p>\n<p>&nbsp;<\/p>\n<p>&nbsp;<\/p>\n<p>St. Peter Linea edusti p\u00e4\u00e4johtaja Sergei Kotenev ja Pietarin kaupunkia matkailukomitean varapuheenjohtaja Aleksander \u0160apkin. Pietari on uusi kohde laivamatkustukselle: kun Tukholmaan on l\u00e4hdetty jo 100 vuotta ja Tallinnaankin 50, on Pietari nyt kohteena nelj\u00e4tt\u00e4 vuotta.<\/p>\n<p>Pietarissa vieraili viime vuonna kolme miljoonaa ulkomaista turistia. St. Peter Linen 450 000 matkustajasta Helsingist\u00e4 nelj\u00e4nnes on suomalaisia. T\u00e4h\u00e4n saakka Suomesta on puuttunut Pietarin tiedotustoimisto, mutta asia korjaantuu huhtikuussa. Esplanadille avattavasta toimistosta saa tietoa Pietarista ja matkaliput laivalle. Samanlaisia toimistoja on tulossa muihinkin Pohjoismaihin ja Eurooppaan. Tulossa St. Peter Linelle on esimerkiksi teemamatkoja, kuten maittemme yhteisest\u00e4 sotahistoriasta. St. Peter Line suunnittelee my\u00f6s kolmannen laivan hankkimista It\u00e4meren liikenteeseen.<\/p>\n<p>Pietarissa toimii nyt uusi laivaterminaali. L\u00e4nsisatamassa uuden terminaalin suunnittelu k\u00e4ynnistyy, ja se voisi valmistua jo 2017. Pietarin-liikenne j\u00e4isi silloin nykyiseen terminaaliin ja Tallinna uuteen. Rajavartiolaitos Helsingiss\u00e4 on rekrytoinut lis\u00e4\u00e4 henkil\u00f6kuntaa, jossa on my\u00f6s ven\u00e4j\u00e4n kielt\u00e4 puhuvia. Automaattinen rajatarkastus avautuu piakkoin my\u00f6s Ven\u00e4j\u00e4n passia k\u00e4ytt\u00e4ville.<\/p>\n<p>Ven\u00e4j\u00e4lt\u00e4 saapui viime vuonna 5,5 miljoonaa matkustajaa Suomeen, ja Suomi oli ven\u00e4l\u00e4isille toiseksi suurin matkakohde Ukrainan j\u00e4lkeen. Poliittiset ongelmat Krimill\u00e4 saattavat aiheuttaa kes\u00e4matkailuun lievi\u00e4 vaikutuksia, samoin heikko rupla. Sokos Hotels Pietarissa on saanut kes\u00e4ksi jonkin verran peruutuksia, ei kuitenkaan Suomesta vaan Pohjois-Amerikasta.<\/p>\n<p>Laivamatkailussa on ollut viisumivapaus Ven\u00e4j\u00e4lle vuodesta 2009. Pietarin matkailuedustajat vakuuttavat, ett\u00e4 viisumivapaus s\u00e4ilyy, ja duumassa on esill\u00e4 ehdotus viisumivapaudesta lentojen transit-matkustajille.<\/p>\n<\/div>\n<\/div>\n<\/div>\n","protected":false},"excerpt":{"rendered":"<p>Julkaistu 1.4.2014 Teksti Reijo H\u00e4rk\u00f6nen, kuvat Adri\u00e1n SotoSt. Peter Linen ja Pietarin kaupungin edustajat vierailivat Helsingiss\u00e4 kertomassa ajankohtaisista asioista, kun Sot\u0161ista palannut m\/s Princess Maria aloitti risteilykauden Helsingist\u00e4 Pietariin. L\u00e4nsiterminaalin tapahtumassa oli mukana ven\u00e4l\u00e4inen ja suomalainen media sek\u00e4 suomalaisia matkanj\u00e4rjest\u00e4ji\u00e4 ja matkatoimistojen edustajia. &nbsp; &nbsp; &nbsp; &nbsp; &nbsp; &nbsp; St. Peter Linea edusti p\u00e4\u00e4johtaja Sergei<\/p>\n<div class=\"read-more\"><a href=\"https:\/\/www.matkailutoimittajienkilta.fi\/blog\/pietari-uskoo-suomalaisiin\/\" title=\"Read More\">Read More<\/a><\/div>\n","protected":false},"author":15,"featured_media":387,"comment_status":"open","ping_status":"open","sticky":false,"template":"","format":"standard","meta":{"footnotes":""},"categories":[3],"tags":[113,45],"jetpack_sharing_enabled":true,"jetpack_featured_media_url":"https:\/\/i0.wp.com\/www.matkailutoimittajienkilta.fi\/blog\/wp-content\/uploads\/2017\/09\/st-petersburg-2066975_1920.jpg?fit=1920%2C1280&ssl=1","_links":{"self":[{"href":"https:\/\/www.matkailutoimittajienkilta.fi\/blog\/wp-json\/wp\/v2\/posts\/336"}],"collection":[{"href":"https:\/\/www.matkailutoimittajienkilta.fi\/blog\/wp-json\/wp\/v2\/posts"}],"about":[{"href":"https:\/\/www.matkailutoimittajienkilta.fi\/blog\/wp-json\/wp\/v2\/types\/post"}],"author":[{"embeddable":true,"href":"https:\/\/www.matkailutoimittajienkilta.fi\/blog\/wp-json\/wp\/v2\/users\/15"}],"replies":[{"embeddable":true,"href":"https:\/\/www.matkailutoimittajienkilta.fi\/blog\/wp-json\/wp\/v2\/comments?post=336"}],"version-history":[{"count":6,"href":"https:\/\/www.matkailutoimittajienkilta.fi\/blog\/wp-json\/wp\/v2\/posts\/336\/revisions"}],"predecessor-version":[{"id":812,"href":"https:\/\/www.matkailutoimittajienkilta.fi\/blog\/wp-json\/wp\/v2\/posts\/336\/revisions\/812"}],"wp:featuredmedia":[{"embeddable":true,"href":"https:\/\/www.matkailutoimittajienkilta.fi\/blog\/wp-json\/wp\/v2\/media\/387"}],"wp:attachment":[{"href":"https:\/\/www.matkailutoimittajienkilta.fi\/blog\/wp-json\/wp\/v2\/media?parent=336"}],"wp:term":[{"taxonomy":"category","embeddable":true,"href":"https:\/\/www.matkailutoimittajienkilta.fi\/blog\/wp-json\/wp\/v2\/categories?post=336"},{"taxonomy":"post_tag","embeddable":true,"href":"https:\/\/www.matkailutoimittajienkilta.fi\/blog\/wp-json\/wp\/v2\/tags?post=336"}],"curies":[{"name":"wp","href":"https:\/\/api.w.org\/{rel}","templated":true}]}}