{"id":3293,"date":"2020-06-05T07:57:26","date_gmt":"2020-06-05T05:57:26","guid":{"rendered":"http:\/\/www.matkailutoimittajienkilta.fi\/?p=3293"},"modified":"2020-06-05T15:07:55","modified_gmt":"2020-06-05T13:07:55","slug":"matkamessujen-ensi-tammikuun-partnerimaa-on-kreikka","status":"publish","type":"post","link":"https:\/\/www.matkailutoimittajienkilta.fi\/blog\/matkamessujen-ensi-tammikuun-partnerimaa-on-kreikka\/","title":{"rendered":"Matkamessujen ensi tammikuun partnerimaa on Kreikka"},"content":{"rendered":"<p>&nbsp;<\/p>\n<h5><strong><span style=\"color: #000000;\">Kuinkas muuten, voi lukija kysy\u00e4! Kuten muistamme, <em>Kreikka<\/em> ohitti viime vuonna pitk\u00e4\u00e4n suomalaisten ikisuosikin <em>Espanjan<\/em> suosituimpana pakettimatkakohteena. Kreikan matkailuviranomaiset ovat syyst\u00e4kin kiitollisia t\u00e4st\u00e4 saavutuksesta, ja vaikka <em>Matka<\/em>-messuilla esill\u00e4olo maksaakin maltaita, helleenit ovat p\u00e4\u00e4tt\u00e4neet lis\u00e4t\u00e4 l\u00f6yly\u00e4.<\/span><\/strong><\/h5>\n<h5><strong><span style=\"color: #000000;\">Kreikan valtion <em>Tukholman<\/em>-matkailutoimiston virkaa tekev\u00e4 johtaja <span style=\"color: #0000ff;\">Pavlos Mourmas<\/span> on ollut tuttu n\u00e4ky<em> Helsingiss<\/em>\u00e4 muulloinkin kuin messuviikolla. H\u00e4n on tutustunut k\u00e4ynneill\u00e4\u00e4n paitsi suurl\u00e4hettil\u00e4\u00e4seen ja matkanj\u00e4rjest\u00e4jiin my\u00f6s <em>Helsingin Suomi-Kreikka<\/em>-yhdistyksen puuhamiehiin ja -naisiin, joten j\u00e4lleen yksi ynn\u00e4 yksi on kaksi: entist\u00e4 l\u00e4mpim\u00e4mpi yst\u00e4vyys- ja bisnessuhde.<\/span><\/strong><\/h5>\n<div id=\"attachment_3300\" style=\"width: 393px\" class=\"wp-caption alignright\"><img loading=\"lazy\" decoding=\"async\" aria-describedby=\"caption-attachment-3300\" class=\" wp-image-3300\" src=\"https:\/\/i0.wp.com\/www.matkailutoimittajienkilta.fi\/blog\/wp-content\/uploads\/2020\/06\/IMG_2423B.jpg?resize=383%2C278&#038;ssl=1\" alt=\"\" width=\"383\" height=\"278\" srcset=\"https:\/\/i0.wp.com\/www.matkailutoimittajienkilta.fi\/blog\/wp-content\/uploads\/2020\/06\/IMG_2423B-scaled.jpg?resize=300%2C218&amp;ssl=1 300w, https:\/\/i0.wp.com\/www.matkailutoimittajienkilta.fi\/blog\/wp-content\/uploads\/2020\/06\/IMG_2423B-scaled.jpg?resize=1024%2C746&amp;ssl=1 1024w, https:\/\/i0.wp.com\/www.matkailutoimittajienkilta.fi\/blog\/wp-content\/uploads\/2020\/06\/IMG_2423B-scaled.jpg?resize=768%2C559&amp;ssl=1 768w, https:\/\/i0.wp.com\/www.matkailutoimittajienkilta.fi\/blog\/wp-content\/uploads\/2020\/06\/IMG_2423B-scaled.jpg?resize=1536%2C1119&amp;ssl=1 1536w, https:\/\/i0.wp.com\/www.matkailutoimittajienkilta.fi\/blog\/wp-content\/uploads\/2020\/06\/IMG_2423B-scaled.jpg?resize=2048%2C1491&amp;ssl=1 2048w, https:\/\/i0.wp.com\/www.matkailutoimittajienkilta.fi\/blog\/wp-content\/uploads\/2020\/06\/IMG_2423B-scaled.jpg?w=1269&amp;ssl=1 1269w\" sizes=\"(max-width: 383px) 100vw, 383px\" data-recalc-dims=\"1\" \/><p id=\"caption-attachment-3300\" class=\"wp-caption-text\">Kreikan valtion Tukholman-matkailutoimiston v.t. johtaja Pavlos Mourmas (vas.) ja Alonissoken pormestari Petros Vafinis vierailivat Helsingiss\u00e4 marraskuussa 2018. Kuva Adri\u00e1n Soto.<\/p><\/div>\n<h5><span style=\"color: #000000;\"><strong><em>Suomessa<\/em> odotettiin jo viikkoja, koska Kreikka p\u00e4\u00e4st\u00e4\u00e4 meid\u00e4t pannasta. Ei ollut itsest\u00e4\u00e4n selvyys, ett\u00e4 suomalaiset olisivat tervetulleita heti sik\u00e4l\u00e4isen matkailukauden avautuessa. 19. toukokuuta julkaistussa listassa Suomi loisti viel\u00e4 poissaolollaan, sen sijaan tanskalaiset ja norjalaiset Kreikka toivotti jo silloin tervetulleiksi 15. kes\u00e4kuuta alkaen<\/strong>.<\/span><\/h5>\n<h5><strong><span style=\"color: #000000;\">Kymmenen p\u00e4iv\u00e4\u00e4 my\u00f6hemmin tuli Tukholmasta vihdoin virallinen tieto: Suomi on liitetty tuohon listaan, ja mainitaan<em> Tsekin<\/em> j\u00e4lkeen 29:ntena maana. Suomen alhaiset koronatartuntaluvut vihdoin ratkaisevat listallep\u00e4\u00e4syn.<\/span><\/strong><\/h5>\n<h5><strong><span style=\"color: #000000;\">Mutta mit\u00e4 tekee meid\u00e4n miljarditolkulla lis\u00e4\u00e4 velkaa ottava hallituksemme? Viel\u00e4k\u00e4\u00e4n se ei ole saanut p\u00e4ivitetyksi matkustusohjeita ajan tasalle vaan suosittelee v\u00e4ltt\u00e4m\u00e4\u00e4n ulkomaille matkustamista. Toki saa menn\u00e4, niin kuin Viroonkin, mutta\u2026 Toisaalta, ei Kreikkaan ole mit\u00e4\u00e4n suoria lentojakaan ennen hein\u00e4kuuta. <em>Finnair <\/em>on ilmoittanut, ett\u00e4 lentoja lis\u00e4t\u00e4\u00e4n kysynn\u00e4n mukaan. <em>Ateenaan <\/em>ei lennet\u00e4 koko kes\u00e4liikennekaudella sit\u00e4 jo totuttua y\u00f6lentoakaan, mutta \u201dyksitt\u00e4isi\u00e4\u201d lentoja lomakohteisiin kyll\u00e4kin. Suomeksi: <em>Rodokselle<\/em> ja<em> Kreetalle<\/em>, joten nyt sitten vain varaamaan. Matkanj\u00e4rjest\u00e4j\u00e4t ovat innoissaan ja syyst\u00e4.<\/span><\/strong><\/h5>\n<h5><strong><span style=\"color: #000000;\">SMAL:n toimitusjohtaja <span style=\"color: #0000ff;\">Heli M\u00e4ki-Fr\u00e4nti <\/span>varoittelee kuitenkin l\u00e4htem\u00e4st\u00e4 omatoimisesti. Jos jotain sattuu eik\u00e4 kaikki menek\u00e4\u00e4n niin kuin <em>Str\u00f6ms\u00f6ss\u00e4,<\/em> matkailija j\u00e4\u00e4 puille paljaille mink\u00e4 h\u00e4n v\u00e4ltt\u00e4isi ostaessaan lennot ja majoituksen matkatoimistosta tai matkanj\u00e4rjest\u00e4j\u00e4lt\u00e4. Viisasta puhetta.<\/span><\/strong><\/h5>\n<h5><strong><span style=\"color: #000000;\"><em>Yle<\/em> <em>TV2<\/em>:ssa alkoi juuri keskiviikkona uusi Kreikka-ik\u00e4v\u00e4\u00e4 ruokkiva brittisarja <em>Uusi el\u00e4m\u00e4 Kreikassa.<\/em> T\u00e4m\u00e4n kirjoittaja suosittelee \u2013 ensi h\u00e4t\u00e4\u00e4n. H\u00f6mpp\u00e4\u00e4, asiaa ja lomafiilist\u00e4 sinivalkoisissa, iki-ihanissa maisemissa.<\/span><\/strong><\/h5>\n<h3><span style=\"color: #000000;\">***<\/span><\/h3>\n<h3><span style=\"color: #000000;\"><strong>Matkaopas el\u00e4\u00e4<\/strong><\/span><\/h3>\n<h5><strong><span style=\"color: #000000;\">Ei painettu matkaopas ole kuollut. Esimerkiksi <em>Suomalaisen Matkaoppaan Karjala-oppaasta<\/em> on otettu monta painosta.<\/span><\/strong><\/h5>\n<h5><strong><span style=\"color: #000000;\">Uusimpana on tullut markkinoille <em>Shanghai<\/em>. Suomalaisen Matkaoppaan <span style=\"color: #0000ff;\">Markus Lehtipuu<\/span> ei ole luopunut ajatuksesta, ett\u00e4 hyv\u00e4 matka tarvitsee hyv\u00e4n matkaoppaan, kirjana. N\u00e4in se on, vai raahaatko l\u00e4pp\u00e4ri\u00e4si akkuineen <em>Kiinan<\/em> muurille tai <em>Everestin<\/em> perusleirille, 5 545 metri\u00e4?<\/span><\/strong><\/h5>\n<h3><span style=\"color: #000000;\">***<\/span><\/h3>\n<h3><span style=\"color: #000000;\"><strong>Malta vai Azerbaizhan?<\/strong><\/span><\/h3>\n<h5><strong><span style=\"color: #000000;\">Kansainv\u00e4linen seksuaaliv\u00e4hemmist\u00f6jen j\u00e4rjest\u00f6 <em>ILGA<\/em> nimesi parhaat ja vaarallisimmat matkailumaat gay-turisteille. Parhaan arvion sai <em>Malta,<\/em> huonoimman <em>Azerbaizhan<\/em>. Tutkimuksia on tehty useita vuosia, ja Malta on ollut monesti k\u00e4rjess\u00e4. Gay-matkailulla on suuri taloudellinen merkitys monissa maissa.<\/span><\/strong><\/h5>\n<h5><span style=\"color: #000000;\"><strong>Vertailussa oli mukana 49 maata. My\u00f6nteisimm\u00e4t arviot Maltan lis\u00e4ksi saivat <em>Belgia, Luxemburg, Tanska<\/em> ja <em>Norja<\/em>. H\u00e4nn\u00e4nhuippuna ovat<em> Monaco (<\/em>emme ymm\u00e4rr\u00e4 mink\u00e4 vuoksi<em>), Ven\u00e4j\u00e4 (<\/em>tietenkin<em>), Armenia, Turkki (<\/em>tottakai) ja Azerbaizhan. <em>Suomi<\/em> oli ihan k\u00e4rjess\u00e4 l\u00e4hisympparina<\/strong>.<\/span><\/h5>\n<h3><span style=\"color: #000000;\">***<\/span><\/h3>\n<h3><span style=\"color: #000000;\"><strong>Toisenlainen Viro<\/strong><\/span><\/h3>\n<h5><strong><span style=\"color: #000000;\">Pitk\u00e4\u00e4n <em>Virossa<\/em> asunut toimittaja <span style=\"color: #0000ff;\">Sami Lotila<\/span> on tehnyt v\u00e4h\u00e4n erilaisen Viro-matkaoppaan. P\u00e4invastoin kuin yhden p\u00e4iv\u00e4n <em>Tallinnassa<\/em> viett\u00e4v\u00e4 turisti tajuaa, Viro on rasistinen maa (Lotilan mukaan), jossa asiakaspalvelua ei tunneta ja jossa monet hinnat ovat nousseet jo <em>Helsinki\u00e4 <\/em>korkeammiksi<em>. <\/em>Asiakaspalvelua ravintolassa ei ole siksi, ett\u00e4 ty\u00f6h\u00f6n on otettu muutamalla satasella kokematon poika, joka parikymppisen\u00e4 ei ole tottunut edes \u201d<em>Neuvostoliiton <\/em>ajan ns.\u00a0 palvelukulttuuriin<em>\u201d.<\/em><\/span><\/strong><\/h5>\n<div id=\"attachment_3296\" style=\"width: 390px\" class=\"wp-caption alignleft\"><img loading=\"lazy\" decoding=\"async\" aria-describedby=\"caption-attachment-3296\" class=\"wp-image-3296\" src=\"https:\/\/i0.wp.com\/www.matkailutoimittajienkilta.fi\/blog\/wp-content\/uploads\/2020\/06\/Tallinn.jpg?resize=380%2C257&#038;ssl=1\" alt=\"\" width=\"380\" height=\"257\" srcset=\"https:\/\/i0.wp.com\/www.matkailutoimittajienkilta.fi\/blog\/wp-content\/uploads\/2020\/06\/Tallinn-scaled.jpg?resize=300%2C203&amp;ssl=1 300w, https:\/\/i0.wp.com\/www.matkailutoimittajienkilta.fi\/blog\/wp-content\/uploads\/2020\/06\/Tallinn-scaled.jpg?resize=1024%2C693&amp;ssl=1 1024w, https:\/\/i0.wp.com\/www.matkailutoimittajienkilta.fi\/blog\/wp-content\/uploads\/2020\/06\/Tallinn-scaled.jpg?resize=768%2C520&amp;ssl=1 768w, https:\/\/i0.wp.com\/www.matkailutoimittajienkilta.fi\/blog\/wp-content\/uploads\/2020\/06\/Tallinn-scaled.jpg?resize=1536%2C1039&amp;ssl=1 1536w, https:\/\/i0.wp.com\/www.matkailutoimittajienkilta.fi\/blog\/wp-content\/uploads\/2020\/06\/Tallinn-scaled.jpg?resize=2048%2C1385&amp;ssl=1 2048w, https:\/\/i0.wp.com\/www.matkailutoimittajienkilta.fi\/blog\/wp-content\/uploads\/2020\/06\/Tallinn-scaled.jpg?w=1366&amp;ssl=1 1366w\" sizes=\"(max-width: 380px) 100vw, 380px\" data-recalc-dims=\"1\" \/><p id=\"caption-attachment-3296\" class=\"wp-caption-text\">Suomalaiset saavat matkustaa j\u00e4lleen naapuriin Viroon. Viking Line liikenn\u00f6i XPRS-aluksella tutulla aikataululla, m\/s Gabriella k\u00e4y viel\u00e4 parin viikon ajan kerran p\u00e4iv\u00e4ss\u00e4 Tallinnassa. My\u00f6s Ecker\u00f6 Line ja Tallink aloittivat 1. kes\u00e4kuuta henkil\u00f6liikenteen. Kuva Adri\u00e1n Soto.<\/p><\/div>\n<h5><strong><span style=\"color: #000000;\">Yli nelj\u00e4ss\u00e4sadassa sivussa <em>Todellinen Tallinna (Massimedia, <\/em>2020<em>) <\/em>Viro avautuu v\u00e4lill\u00e4 turhankin rumana, mutta Lotila kyll\u00e4 tiet\u00e4\u00e4 mist\u00e4 puhuu, v\u00e4h\u00e4n tai enemm\u00e4n k\u00e4rjist\u00e4en. Osansa saavat tietenkin my\u00f6s suomalaiset porot, siis turistit, joihin virolaiset eiv\u00e4t aina suhtaudu kovin my\u00f6t\u00e4mielisesti. Syy: huonosti k\u00e4ytt\u00e4ytyminen. Mutta: tilanne on parantunut. Ven\u00e4l\u00e4iset turistit ovat saaneet armon, kunhan ruplia riitt\u00e4\u00e4. Muuten ryss\u00e4 on ryss\u00e4 Virossakin. V\u00e4h\u00e4n h\u00e4iritsee seksin ja prostituution iso osuus kirjassa.<\/span><\/strong><\/h5>\n<h5><span style=\"color: #000000;\">T\u00e4m\u00e4n kirjoittajakin on ottanut tavaksi osoittaa mielipiteens\u00e4 Virossa huonosta palvelusta ravintolassa. Juomarahaa kieli pitk\u00e4ll\u00e4 odottava tarjoilija saa yhden sentin kolikon (kolikkoa ei ole Suomessa k\u00e4yt\u00f6ss\u00e4, mutta on Virossa, ja niit\u00e4 on taskussani monta tarpeen niin vaatiessa).<\/span><\/h5>\n<h5><span style=\"color: #000000;\">Lotila toistaa tavantakaa sy\u00f6p\u00e4sanaa, joka on iskostunut monen muunkin kirjoittajan ja puhujan kieleen etenkin somessa: \u201djuurikin\u201d.\u00a0 Juurikin on tarpeeton, sill\u00e4 juuri ajaa saman asian. Juuri niin.<\/span><\/h5>\n<h3><span style=\"color: #000000;\">***<\/span><\/h3>\n<h3><span style=\"color: #000000;\"><strong>Lentoyhti\u00f6iden j\u00e4ttituet<\/strong><\/span><\/h3>\n<h5><strong><span style=\"color: #000000;\">Kaikki lentoyhti\u00f6t el\u00e4v\u00e4t nyt historiansa suurinta ahdinkoa, josta ne pelastaa vain j\u00e4ttim\u00e4inen yhteiskunnan tuki. Kansainv\u00e4linen ilmakuljetusliitto<em> IATA<\/em> on laskenut, ett\u00e4 maailman lentoyhti\u00f6ille on lapattu valtiontukea yli jo 112 miljardia euroa, t\u00e4m\u00e4 oli tilanne pari viikkoa sitten. Suuri osa tuesta on lainaa. IATA:n mukaan yhti\u00f6iden valkataakka uhkaa kasvaa siet\u00e4m\u00e4tt\u00f6m\u00e4n suureksi, per\u00e4ti 500 miljardiin euroon. Valtion tuki pit\u00e4\u00e4 alaa henkitoreessa kunnes koittavat toivottavasti paremmat ajat.<\/span><\/strong><\/h5>\n<h5><strong><span style=\"color: #000000;\">Eniten tukia on my\u00f6nnetty kapitalismin ja yksityisyritt\u00e4misen kultamaassa <em>Pohjois-Amerikassa<\/em>, siell\u00e4 tuet nousevat jopa 25 prosenttiin viime vuoden liikevaihdosta. <em>Euroopassa <\/em>luku on 15 prosenttia ja<em> Aasiassa<\/em> kymmenen. Euroopassa <em>Lufthansa<\/em> nousee listan k\u00e4rkeen: <em>Saksa<\/em> tukee lippulaivaansa yhdeks\u00e4ll\u00e4 miljardilla eurolla, samalla siit\u00e4 tulee yhti\u00f6n omistaja 20 prosentin osuudella. Oikaistakoon t\u00e4ss\u00e4 aiemmin ilmoitettu luku: Lufthansa menett\u00e4\u00e4 joka tunti <em>vain<\/em> miljoona euroa, ei kahta, kuten v\u00e4itettiin.<\/span><\/strong><\/h5>\n<h5><strong><span style=\"color: #000000;\">Lufthansa aikoo laittaa kilometritehtaalle 20 000 ty\u00f6ntekij\u00e4\u00e4ns\u00e4, samalla se pist\u00e4\u00e4 myyntiin tai seisomaan satoja lentokoneitaan. Kuulostaa silt\u00e4, ett\u00e4 pian on muuallakin tarjolla edullisia, lentokelpoisia flygareita, mutta kell\u00e4 on varaa l\u00e4hte\u00e4 ostoksille?<\/span><\/strong><\/h5>\n<h3><span style=\"color: #000000;\">***<\/span><\/h3>\n<h3 style=\"font-family: 'Open Sans', Arial, sans-serif;\"><strong style=\"font-size: 18px;\"><span style=\"color: #000000;\">T\u00e4ll\u00e4 palstalla kirjoittavat omia n\u00e4kemyksi\u00e4\u00e4n jotkut Killan j\u00e4senet ja muutama Matkailutoimittajien Killan hallituksestakin<\/span>.<\/strong><\/h3>\n<p><strong>\u00a0<\/strong><\/p>\n","protected":false},"excerpt":{"rendered":"<p>&nbsp; Kuinkas muuten, voi lukija kysy\u00e4! Kuten muistamme, Kreikka ohitti viime vuonna pitk\u00e4\u00e4n suomalaisten ikisuosikin Espanjan suosituimpana pakettimatkakohteena. Kreikan matkailuviranomaiset ovat syyst\u00e4kin kiitollisia t\u00e4st\u00e4 saavutuksesta, ja vaikka Matka-messuilla esill\u00e4olo maksaakin maltaita, helleenit ovat p\u00e4\u00e4tt\u00e4neet lis\u00e4t\u00e4 l\u00f6yly\u00e4. Kreikan valtion Tukholman-matkailutoimiston virkaa tekev\u00e4 johtaja Pavlos Mourmas on ollut tuttu n\u00e4ky Helsingiss\u00e4 muulloinkin kuin messuviikolla. H\u00e4n on tutustunut<\/p>\n<div class=\"read-more\"><a href=\"https:\/\/www.matkailutoimittajienkilta.fi\/blog\/matkamessujen-ensi-tammikuun-partnerimaa-on-kreikka\/\" title=\"Read More\">Read More<\/a><\/div>\n","protected":false},"author":15,"featured_media":3294,"comment_status":"closed","ping_status":"closed","sticky":false,"template":"","format":"standard","meta":{"footnotes":""},"categories":[122],"tags":[534,100,214,535,276,536,112],"jetpack_sharing_enabled":true,"jetpack_featured_media_url":"https:\/\/i0.wp.com\/www.matkailutoimittajienkilta.fi\/blog\/wp-content\/uploads\/2020\/06\/IMG_0231-scaled.jpg?fit=1515%2C924&ssl=1","_links":{"self":[{"href":"https:\/\/www.matkailutoimittajienkilta.fi\/blog\/wp-json\/wp\/v2\/posts\/3293"}],"collection":[{"href":"https:\/\/www.matkailutoimittajienkilta.fi\/blog\/wp-json\/wp\/v2\/posts"}],"about":[{"href":"https:\/\/www.matkailutoimittajienkilta.fi\/blog\/wp-json\/wp\/v2\/types\/post"}],"author":[{"embeddable":true,"href":"https:\/\/www.matkailutoimittajienkilta.fi\/blog\/wp-json\/wp\/v2\/users\/15"}],"replies":[{"embeddable":true,"href":"https:\/\/www.matkailutoimittajienkilta.fi\/blog\/wp-json\/wp\/v2\/comments?post=3293"}],"version-history":[{"count":8,"href":"https:\/\/www.matkailutoimittajienkilta.fi\/blog\/wp-json\/wp\/v2\/posts\/3293\/revisions"}],"predecessor-version":[{"id":3309,"href":"https:\/\/www.matkailutoimittajienkilta.fi\/blog\/wp-json\/wp\/v2\/posts\/3293\/revisions\/3309"}],"wp:featuredmedia":[{"embeddable":true,"href":"https:\/\/www.matkailutoimittajienkilta.fi\/blog\/wp-json\/wp\/v2\/media\/3294"}],"wp:attachment":[{"href":"https:\/\/www.matkailutoimittajienkilta.fi\/blog\/wp-json\/wp\/v2\/media?parent=3293"}],"wp:term":[{"taxonomy":"category","embeddable":true,"href":"https:\/\/www.matkailutoimittajienkilta.fi\/blog\/wp-json\/wp\/v2\/categories?post=3293"},{"taxonomy":"post_tag","embeddable":true,"href":"https:\/\/www.matkailutoimittajienkilta.fi\/blog\/wp-json\/wp\/v2\/tags?post=3293"}],"curies":[{"name":"wp","href":"https:\/\/api.w.org\/{rel}","templated":true}]}}