{"id":3166,"date":"2020-04-03T16:10:21","date_gmt":"2020-04-03T14:10:21","guid":{"rendered":"http:\/\/www.matkailutoimittajienkilta.fi\/?p=3166"},"modified":"2020-04-03T16:10:21","modified_gmt":"2020-04-03T14:10:21","slug":"nyrkilla-toita","status":"publish","type":"post","link":"https:\/\/www.matkailutoimittajienkilta.fi\/blog\/nyrkilla-toita\/","title":{"rendered":"Nyrkill\u00e4 t\u00f6it\u00e4"},"content":{"rendered":"<h5><span style=\"color: #000000;\">Surkuhupaisa sekoilu <em>Helsinki-Vantaan<\/em> lentokent\u00e4ll\u00e4 on oiva esimerkki siit\u00e4, miten k\u00e4y kun asialla on kolme eri viranomaista. Kukaan ei huomannut viel\u00e4 kaksi viikkoa sitten, ett\u00e4 mahdollisia koronatartunnan saaneita voisi tulla jokaisella lennolla, ei ainoastaan niill\u00e4 muutamalla, joissa oli osallisena ulkoministeri\u00f6. Saapuvia lentoja voi p\u00e4ivitt\u00e4in seurata vaikkapa <em>Ylen<\/em> teksti-tv:n sivulta 427, yksik\u00e4\u00e4n \u201dloma\u201d- tai reittilento ei laskeudu t\u00e4nne yll\u00e4tyksen\u00e4.<\/span><\/h5>\n<h5><span style=\"color: #000000;\">Viime keskiviikkona joku ministeri\u00f6ss\u00e4 huomasi, ett\u00e4 kappas vaan, satamienkin kautta tulee matkailijoita ulkomailta. Tarttisko tehd\u00e4 jotain? Pikavauhtia asetus voimaan ja niinp\u00e4 varhain torstaiaamuna <em>Helsingin satamissa<\/em> harvoja tulijoita oltiin jo vastassa, tenttaamassa ja m\u00e4\u00e4r\u00e4\u00e4m\u00e4ss\u00e4 karanteeniin.<\/span><\/h5>\n<h5><span style=\"color: #000000;\">Presidentti <span style=\"color: #0000ff;\"><strong>Sauli Niinist\u00f6n <\/strong><\/span>ehdottomalla <em>Nyrkill\u00e4<\/em> olisi todella t\u00f6it\u00e4. P\u00e4\u00e4ministeri <span style=\"color: #0000ff;\"><strong>Sanna Marin<\/strong><\/span> (sd) on my\u00f6nt\u00e4nyt, ettei hallituskaan ole t\u00e4ydellinen. Olisiko sittenkin pit\u00e4nyt hyv\u00e4ksy\u00e4 Niinist\u00f6n tarjous?<\/span><\/h5>\n<h3><span style=\"color: #000000;\">***<\/span><\/h3>\n<h3><span style=\"color: #000000;\">Ei tullut kahta miljoonaa<\/span><\/h3>\n<h5><span style=\"color: #000000;\">Edellisess\u00e4 <em>Ajassa-blogissa<\/em> kerrottiin <em>Nepalin<\/em> matkailun teemavuodesta ja siit\u00e4, ett\u00e4 Suomen passilla p\u00e4\u00e4sisi poikkeustilanteessakin online-viisumilla. Ei p\u00e4\u00e4se mill\u00e4\u00e4n passilla, eik\u00e4 Nepaliin tule t\u00e4n\u00e4 vuonna toivottua kahta miljoonaa matkailijaa. Maa on kiinni niin kuin muutkin valtiot. Taas hyv\u00e4t tavoitteet matkailun teemavuodesta k\u00f6yh\u00e4ss\u00e4 maassa romuttuivat, viimeksi ne vei maanj\u00e4ristys.<\/span><\/h5>\n<h3><span style=\"color: #000000;\">***<\/span><\/h3>\n<h3><span style=\"color: #000000;\">Pakettimatkat lev\u00e4ll\u00e4\u00e4n<\/span><\/h3>\n<h5><span style=\"color: #000000;\">Kes\u00e4n pakettimatkojen kohtalo on t\u00e4ysin auki. Monet matkanj\u00e4rjest\u00e4j\u00e4t ovat ilmoittaneet peruvansa alkukes\u00e4n matkat, mutta korostaneet, ett\u00e4 heti kun koronatilanne helpottaa, tuotanto-osastot pist\u00e4v\u00e4t t\u00e4yden h\u00f6yryn p\u00e4\u00e4lle ja matkoja aletaan ty\u00f6st\u00e4\u00e4 varattavaksi. <\/span><\/h5>\n<h5><span style=\"color: #000000;\">Selv\u00e4\u00e4 on kuitenkin jo nyt, ett\u00e4 kaikkiin kohteisiin ei tulla t\u00e4n\u00e4 vuonna miss\u00e4\u00e4n tapauksessa j\u00e4rjest\u00e4m\u00e4\u00e4n pakettimatkoja. Matkanj\u00e4rjest\u00e4jist\u00e4 suurin, <em>Aurinkomatkat, <\/em>ilmoitti vet\u00e4v\u00e4ns\u00e4 pois tarjonnasta kohteita <em>Bulgariasta, Espanjasta, Italiasta, It\u00e4vallasta, <\/em><em>Turkista<\/em> ja kolme kohdetta <em>Kreikasta, Skiathos, Skopelos<\/em> ja <em>Zakynthos.<\/em><\/span><\/h5>\n<h3><span style=\"color: #000000;\">***<\/span><\/h3>\n<h3><span style=\"color: #000000;\">Kuinka monta konkurssia?<\/span><\/h3>\n<h5><span style=\"color: #000000;\">Matkailuala el\u00e4\u00e4 nyt historiansa kriittisint\u00e4 aikaa. Vaikka valtiovalta on luvannut helpotuksia, ne eiv\u00e4t varmasti riit\u00e4, ja konkurssit uhkaavat monia.<\/span><\/h5>\n<h5><span style=\"color: #000000;\">Huolestuttavinta on ennakkomaksujen kohtalo. Matkatoimistot ovat maksaneet ennakkomaksuja lentoyhti\u00f6ille, hotelleille ja oheispalvelujen tuottajille. Mit\u00e4 nyt noille maksuille tapahtuu?<\/span><\/h5>\n<h5><span style=\"color: #000000;\">My\u00f6nteinen asia ovat <em>voucherit<\/em>, joilla peruutetun matkan tilalle voi varata my\u00f6hemmin uuden. My\u00f6s matkustajat itse ovat ehdottaneet matkansa siirt\u00e4mist\u00e4.<\/span><\/h5>\n<h5><span style=\"color: #000000;\">Matkailun osuus bruttokansantuotteesta Suomessa on 2,7 prosenttia.<\/span><\/h5>\n<h3><span style=\"color: #000000;\">***<\/span><\/h3>\n<h4><span style=\"color: #000000;\"><strong>Kirjoittajien mielipiteet ovat matkailutoimittajien ja Killan hallituksen j\u00e4sen <\/strong><strong>ten <\/strong><strong>henkil\u00f6kohtaisia.<\/strong><\/span><\/h4>\n","protected":false},"excerpt":{"rendered":"<p>Surkuhupaisa sekoilu Helsinki-Vantaan lentokent\u00e4ll\u00e4 on oiva esimerkki siit\u00e4, miten k\u00e4y kun asialla on kolme eri viranomaista. Kukaan ei huomannut viel\u00e4 kaksi viikkoa sitten, ett\u00e4 mahdollisia koronatartunnan saaneita voisi tulla jokaisella lennolla, ei ainoastaan niill\u00e4 muutamalla, joissa oli osallisena ulkoministeri\u00f6. Saapuvia lentoja voi p\u00e4ivitt\u00e4in seurata vaikkapa Ylen teksti-tv:n sivulta 427, yksik\u00e4\u00e4n \u201dloma\u201d- tai reittilento ei laskeudu<\/p>\n<div class=\"read-more\"><a href=\"https:\/\/www.matkailutoimittajienkilta.fi\/blog\/nyrkilla-toita\/\" title=\"Read More\">Read More<\/a><\/div>\n","protected":false},"author":15,"featured_media":0,"comment_status":"closed","ping_status":"closed","sticky":false,"template":"","format":"standard","meta":{"footnotes":""},"categories":[122],"tags":[141,509,508],"jetpack_sharing_enabled":true,"jetpack_featured_media_url":"","_links":{"self":[{"href":"https:\/\/www.matkailutoimittajienkilta.fi\/blog\/wp-json\/wp\/v2\/posts\/3166"}],"collection":[{"href":"https:\/\/www.matkailutoimittajienkilta.fi\/blog\/wp-json\/wp\/v2\/posts"}],"about":[{"href":"https:\/\/www.matkailutoimittajienkilta.fi\/blog\/wp-json\/wp\/v2\/types\/post"}],"author":[{"embeddable":true,"href":"https:\/\/www.matkailutoimittajienkilta.fi\/blog\/wp-json\/wp\/v2\/users\/15"}],"replies":[{"embeddable":true,"href":"https:\/\/www.matkailutoimittajienkilta.fi\/blog\/wp-json\/wp\/v2\/comments?post=3166"}],"version-history":[{"count":5,"href":"https:\/\/www.matkailutoimittajienkilta.fi\/blog\/wp-json\/wp\/v2\/posts\/3166\/revisions"}],"predecessor-version":[{"id":3173,"href":"https:\/\/www.matkailutoimittajienkilta.fi\/blog\/wp-json\/wp\/v2\/posts\/3166\/revisions\/3173"}],"wp:attachment":[{"href":"https:\/\/www.matkailutoimittajienkilta.fi\/blog\/wp-json\/wp\/v2\/media?parent=3166"}],"wp:term":[{"taxonomy":"category","embeddable":true,"href":"https:\/\/www.matkailutoimittajienkilta.fi\/blog\/wp-json\/wp\/v2\/categories?post=3166"},{"taxonomy":"post_tag","embeddable":true,"href":"https:\/\/www.matkailutoimittajienkilta.fi\/blog\/wp-json\/wp\/v2\/tags?post=3166"}],"curies":[{"name":"wp","href":"https:\/\/api.w.org\/{rel}","templated":true}]}}