{"id":3020,"date":"2020-03-09T09:13:56","date_gmt":"2020-03-09T07:13:56","guid":{"rendered":"http:\/\/www.matkailutoimittajienkilta.fi\/?p=3020"},"modified":"2020-03-09T11:26:20","modified_gmt":"2020-03-09T09:26:20","slug":"koronaa-ja-karjalaa","status":"publish","type":"post","link":"https:\/\/www.matkailutoimittajienkilta.fi\/blog\/koronaa-ja-karjalaa\/","title":{"rendered":"Koronaa ja Karjalaa"},"content":{"rendered":"<h5><span style=\"color: #000000;\"><em>Shanghailainen<\/em> yhti\u00f6 <em>Juneyao Air<\/em> suunnitteli lent\u00e4v\u00e4ns\u00e4 maaliskuun lopulta jatkoreittej\u00e4 <em>Helsinki-Reykjavik, Helsinki-Manchester<\/em> ja <em>Helsinki-Dublin,<\/em> kaikkiin pari kolme kertaa viikossa. Kun <em>Boeing Dreamliner<\/em> tulee joka aamu Helsinkiin, kone jatkaisi noihin kohteisiin ja palaisi iltap\u00e4iv\u00e4ll\u00e4 Helsinkiin ja eteenp\u00e4in Shanghaihin.<\/span><\/h5>\n<h5><span style=\"color: #000000;\">Nyt kaikki muuttui koronaviruksen takia. Suunnitelmat ovat j\u00e4iss\u00e4, mutta niit\u00e4 ei ole unohdettu, vakuutetaan lentoyhti\u00f6st\u00e4. Koneeseen p\u00e4\u00e4sisi my\u00f6s n\u00e4ille lennoille Helsingist\u00e4 Reykjavikiin, Manchesteriin ja Dubliniin. Yhti\u00f6 aloitti Helsingin-lennot 2017.<\/span><\/h5>\n<h5 style=\"margin: 0cm; margin-bottom: .0001pt;\"><span style=\"font-family: Verdana; color: #000000;\">**<\/span><\/h5>\n<h5><span style=\"color: #000000;\"><em>Finnair<\/em> on l\u00e4hett\u00e4nyt kaksi eritt\u00e4in ajankohtaista kannanottoa, jotka koskevat yhti\u00f6n p\u00e4\u00e4st\u00f6strategiaa, tulevia v\u00e4h\u00e4p\u00e4\u00e4st\u00f6isi\u00e4 konehankintoja ja lentoalan tavoitteita kunnianhimoisempaa hiilineutraaliusohjelmaa. Se tiedottaa my\u00f6s laajasta<em> Nesteen<\/em> ja Finnairin kehitteill\u00e4 olevasta lentopolttoaineesta, joka pienent\u00e4\u00e4 lent\u00e4misen hiilijalanj\u00e4lke\u00e4.<\/span><\/h5>\n<h5><span style=\"color: #000000;\">Miksi juuri nyt, maaliskuun 5. p\u00e4iv\u00e4n\u00e4. Siksi, ett\u00e4 eduskunta alkoi k\u00e4sitell\u00e4 kansalaisaloitetta lentoveron s\u00e4\u00e4t\u00e4miseksi. Lentovero jakaa kansalaiset jyrk\u00e4sti kahtia, kannattajiin ja vastustajiin. Vain muutama p\u00e4iv\u00e4 aikaisemmin poliisi kielsi Finnairia jatkamasta suosituksi tullutta <em>Push for<\/em> <em>change<\/em> -kampanjaa, jolla on voinut hyvitt\u00e4\u00e4 lent\u00e4misest\u00e4 koituvat henkil\u00f6kohtaiset p\u00e4\u00e4st\u00f6t. Lentovero ei ole mik\u00e4\u00e4n pikku juttu, ei ainakaan juuri nyt kun lentoyhti\u00f6it\u00e4 kurittaa koronavirus. Kuten tiedet\u00e4\u00e4n, lentoliikenteen p\u00e4\u00e4st\u00f6t ovat maailmanlaajuisesti vain 2-3 prosenttia, kun taas vaateteollisuuden p\u00e4\u00e4st\u00f6t per\u00e4ti 60 prosenttia.<\/span><\/h5>\n<h5 style=\"margin: 0cm; margin-bottom: .0001pt;\"><span style=\"font-family: Verdana; color: #000000;\">**<\/span><\/h5>\n<h5><span style=\"color: #000000;\">Lentoyhti\u00f6t ymp\u00e4ri maailmaa ovat hankalassa tilanteessa: ei uskalleta matkustaa, vuoroja v\u00e4hennet\u00e4\u00e4n, Kiina on t\u00e4ysin poissuljettu, ja rahtiakin liikkuu v\u00e4hemm\u00e4n, mutta liikenn\u00f6intioikeudet pit\u00e4isi s\u00e4ilytt\u00e4\u00e4. Viime mainittuun on luvassa helpotusta.\u00a0<\/span><\/h5>\n<h5><span style=\"color: #000000;\">Konkurssiuutisia alkaa ropista: Suomenkin taivaalla vuosikaudet sy\u00f6tt\u00f6liikennett\u00e4 harjoittanut brittiyhti\u00f6 <em>Flybe <\/em>on ilmoittanut lopettavansa toiminnan. Se on lent\u00e4nyt huomattavan osan <em>Ison-Britannian<\/em> kotimaan liikenteest\u00e4 ja paljon my\u00f6s <em>Euroopan<\/em>-lentoja. Huonossa hapessa ollut yhti\u00f6 sai jo tammikuussa tekohengityst\u00e4 omistajiltaan ja lupauksen valtionavusta, mutta ne eiv\u00e4t olisi riitt\u00e4neet pitemm\u00e4n p\u00e4\u00e4lle. Kuka kaatuukaan seuraavaksi?<\/span><\/h5>\n<h5 style=\"margin: 0cm; margin-bottom: .0001pt;\"><span style=\"font-family: Verdana; color: #000000;\">**<\/span><\/h5>\n<h6><span style=\"font-family: Verdana; color: #000000;\">Koronavirus vaikuttaa kaikkialla. Kuten muistamme Helsingin matkamessuilta, Nepalissa on matkailun teemavuosi <i>Visit Nepal Year 2020<\/i>. Nyt on-line-viisumien my\u00f6nt\u00e4minen on lopetettu ja kiinalaisten ja mm. iranilaisten matkat on keskeytetty kokonaan. Suomalainenkin saa viisumin vain <i>K\u00f6\u00f6penhaminasta <\/i>terveystodistuksen perusteella. Hankalaa.<\/span><\/h6>\n<h5 style=\"margin: 0cm; margin-bottom: .0001pt;\"><span style=\"font-family: Verdana; color: #000000;\">**<\/span><\/h5>\n<h5><span style=\"color: #000000;\"><em>Pohjois-Karjala<\/em> on j\u00e4\u00e4nyt v\u00e4h\u00e4n <em>Lapin<\/em> jalkoihin matkailussa, vaikka sinne p\u00e4\u00e4see paljon edullisemmin kuin pohjoiseen. Kaikki tied\u00e4mme <em>Bomban<\/em> talon <em>Nurmeksessa<\/em>. Nyt <em>Nurmes-Valtimo<\/em>-alue on aloittanut markkinoinnin Bomban nimell\u00e4.<\/span><\/h5>\n<h5><span style=\"color: #000000;\">Tokihan alueella on jo perinteisi\u00e4 matkailutuotteita, kuten 20 vuotta vanha hiihtovaellus majatalosta toiseen. Jos suomalaista ja karjalaista ruokaperinnett\u00e4 on haluttu esitell\u00e4 ulkomaisille ruokatoimittajille ja huippuasiantuntijoille, heit\u00e4 on jo vuosia viety Valtimolle <em>Puukarin Pys\u00e4kille<\/em>. Marjat ja sienet tulevat l\u00e4himets\u00e4st\u00e4 ja kalat l\u00e4hij\u00e4rvest\u00e4. Ruisleip\u00e4 on omalta pellolta, tai ainakin naapurin.<\/span><\/h5>\n<h5 style=\"margin: 0cm; margin-bottom: .0001pt;\"><span style=\"font-family: Verdana; color: #000000;\">**<\/span><\/h5>\n<h3><span style=\"color: #000000;\"><strong><em>Ajassa-<\/em>palstalla k\u00e4sitell\u00e4\u00e4n ajankohtaisia asioita, kirjoittajina <em>Matkailutoimittajien Killan<\/em> hallituksen j\u00e4senet.<\/strong><\/span><\/h3>\n<p>&nbsp;<\/p>\n","protected":false},"excerpt":{"rendered":"<p>Shanghailainen yhti\u00f6 Juneyao Air suunnitteli lent\u00e4v\u00e4ns\u00e4 maaliskuun lopulta jatkoreittej\u00e4 Helsinki-Reykjavik, Helsinki-Manchester ja Helsinki-Dublin, kaikkiin pari kolme kertaa viikossa. Kun Boeing Dreamliner tulee joka aamu Helsinkiin, kone jatkaisi noihin kohteisiin ja palaisi iltap\u00e4iv\u00e4ll\u00e4 Helsinkiin ja eteenp\u00e4in Shanghaihin. Nyt kaikki muuttui koronaviruksen takia. Suunnitelmat ovat j\u00e4iss\u00e4, mutta niit\u00e4 ei ole unohdettu, vakuutetaan lentoyhti\u00f6st\u00e4. Koneeseen p\u00e4\u00e4sisi my\u00f6s n\u00e4ille<\/p>\n<div class=\"read-more\"><a href=\"https:\/\/www.matkailutoimittajienkilta.fi\/blog\/koronaa-ja-karjalaa\/\" title=\"Read More\">Read More<\/a><\/div>\n","protected":false},"author":15,"featured_media":3026,"comment_status":"closed","ping_status":"closed","sticky":false,"template":"","format":"standard","meta":{"footnotes":""},"categories":[122],"tags":[503,501,117,502],"jetpack_sharing_enabled":true,"jetpack_featured_media_url":"https:\/\/i0.wp.com\/www.matkailutoimittajienkilta.fi\/blog\/wp-content\/uploads\/2020\/03\/WP_20180411_001-Norwegian.jpg?fit=1390%2C748&ssl=1","_links":{"self":[{"href":"https:\/\/www.matkailutoimittajienkilta.fi\/blog\/wp-json\/wp\/v2\/posts\/3020"}],"collection":[{"href":"https:\/\/www.matkailutoimittajienkilta.fi\/blog\/wp-json\/wp\/v2\/posts"}],"about":[{"href":"https:\/\/www.matkailutoimittajienkilta.fi\/blog\/wp-json\/wp\/v2\/types\/post"}],"author":[{"embeddable":true,"href":"https:\/\/www.matkailutoimittajienkilta.fi\/blog\/wp-json\/wp\/v2\/users\/15"}],"replies":[{"embeddable":true,"href":"https:\/\/www.matkailutoimittajienkilta.fi\/blog\/wp-json\/wp\/v2\/comments?post=3020"}],"version-history":[{"count":7,"href":"https:\/\/www.matkailutoimittajienkilta.fi\/blog\/wp-json\/wp\/v2\/posts\/3020\/revisions"}],"predecessor-version":[{"id":3033,"href":"https:\/\/www.matkailutoimittajienkilta.fi\/blog\/wp-json\/wp\/v2\/posts\/3020\/revisions\/3033"}],"wp:featuredmedia":[{"embeddable":true,"href":"https:\/\/www.matkailutoimittajienkilta.fi\/blog\/wp-json\/wp\/v2\/media\/3026"}],"wp:attachment":[{"href":"https:\/\/www.matkailutoimittajienkilta.fi\/blog\/wp-json\/wp\/v2\/media?parent=3020"}],"wp:term":[{"taxonomy":"category","embeddable":true,"href":"https:\/\/www.matkailutoimittajienkilta.fi\/blog\/wp-json\/wp\/v2\/categories?post=3020"},{"taxonomy":"post_tag","embeddable":true,"href":"https:\/\/www.matkailutoimittajienkilta.fi\/blog\/wp-json\/wp\/v2\/tags?post=3020"}],"curies":[{"name":"wp","href":"https:\/\/api.w.org\/{rel}","templated":true}]}}