{"id":280,"date":"2017-09-25T14:18:30","date_gmt":"2017-09-25T12:18:30","guid":{"rendered":"http:\/\/35.156.251.224\/?p=280"},"modified":"2018-01-08T18:09:19","modified_gmt":"2018-01-08T16:09:19","slug":"levoton-turkki-matkamessujen-partnerimaa","status":"publish","type":"post","link":"https:\/\/www.matkailutoimittajienkilta.fi\/blog\/levoton-turkki-matkamessujen-partnerimaa\/","title":{"rendered":"Levoton Turkki Matkamessujen partnerimaa"},"content":{"rendered":"<div class=\"madpages_component\">\n<div class=\"kskpage_title_comp\">\n<h1 id=\"madpages_element_title_77_1\" class=\"madpages_element\" data-ksk-type=\"title\" data-ksk-el-id=\"77_1\"><b style=\"font-size: 14px; color: #606569;\">Turkin matkailuihmiset j\u00e4rjestiv\u00e4t matkailutoimittajille syyskuun lopussa sympaattisen tilaisuuden Turkin matkailusta. He esitteliv\u00e4t kiinnostavia kohteita, uusia tuotteita ja n\u00e4yttiv\u00e4t mahtavia maisemia. Samalla he kertoivat suurella ylpeydell\u00e4, ett\u00e4 Turkki on vuoden 2017 Matkamessujen partnerimaa.\u00a0<\/b><\/h1>\n<\/div>\n<\/div>\n<div class=\"madpages_component\">\n<div class=\"kskpage_text_comp\">\n<div id=\"madpages_element_paragraph_78_1\" class=\"madpages_element madpages_paragraph \" data-ksk-type=\"paragraph\" data-ksk-el-id=\"78_1\">Meille korostettiin sit\u00e4, ett\u00e4\u00a0<i>Turkki\u00a0<\/i>&#8221;saa olla teemamaana Suomen t\u00e4rkeimm\u00e4ss\u00e4 matkailutapahtumassa nyt kun\u00a0<i>Suomi<\/i>\u00a0juhlii 100-vuotiasta itsen\u00e4isyytt\u00e4\u00e4n&#8221;. Mik\u00e4 kunnia!<br \/>\nTietomme Turkin viimeaikaisista tapahtumista teki meid\u00e4n kysymyksist\u00e4mme v\u00e4h\u00e4n noloja. Mitenk\u00e4 se tilanne siell\u00e4 Turkissa?Turkin valtion kulttuuri- ja matkailutoimiston edustaja\u00a0<b>Jere Pesonen<\/b>\u00a0oli juuri saapunut\u00a0<i>Istanbulista<\/i>. H\u00e4n vakuutti, ett\u00e4 kaikki oli kaupungissa kuten ennenkin. Tilastojen mukaan Turkin matkailussa k\u00e4yr\u00e4t sojottavat alasp\u00e4in, mutta rantalomat myyv\u00e4t kuten ennenkin, mutta esimerkiksi Istanbul on menett\u00e4nyt matkailijoistaan l\u00e4hes puolet. Siihen toki on vaikuttanut ven\u00e4l\u00e4isten turistien katoaminen, mutta muualtakaan, kuten Suomesta, matkailu Istanbuliin ei maistu entiseen malliin.<br \/>\nMedian runsaslukuiset Turkki-uutiset vaikuttavat tietysti ilmapiiriin. Me n\u00e4emme ja kuulemme p\u00e4ivitt\u00e4in uutisia, miten maata ravistelevat levottomuudet ja terroriteo, my\u00f6s pakolaisleirit ovat kurjassa tilassa. Puhutaan Turkin luisumisesta diktatuuriin.Kaikki t\u00e4m\u00e4 vaikuttaa matkailuun. My\u00f6s matkailuviranomaiset ja markkinoijat ovat huolissaan. Moni on suruissaan, koska n\u00e4ytt\u00e4\u00e4 silt\u00e4, ettei asialle voi tehd\u00e4 mit\u00e4\u00e4n. Heid\u00e4n ty\u00f6ns\u00e4 on todella haasteellista, ja heille esitet\u00e4\u00e4n ne hankalimmat kysymykset. Matkamessuyhteisty\u00f6t\u00e4 ryhdyttiin valmistelemaan jo nelisen vuotta sitten, joten silloin ei nykyisest\u00e4 tilanteesta viel\u00e4 tiedetty mit\u00e4\u00e4n.<\/div>\n<\/div>\n<\/div>\n<div class=\"madpages_component\">\n<div class=\"madpages_image_container className \">\n<div id=\"attachment_670\" style=\"width: 660px\" class=\"wp-caption alignnone\"><img loading=\"lazy\" decoding=\"async\" aria-describedby=\"caption-attachment-670\" class=\"wp-image-670 size-full\" src=\"https:\/\/i0.wp.com\/www.matkailutoimittajienkilta.fi\/blog\/wp-content\/uploads\/2018\/01\/image003_650x.jpg?resize=650%2C305&#038;ssl=1\" alt=\"\" width=\"650\" height=\"305\" srcset=\"https:\/\/i0.wp.com\/www.matkailutoimittajienkilta.fi\/blog\/wp-content\/uploads\/2018\/01\/image003_650x.jpg?w=650&amp;ssl=1 650w, https:\/\/i0.wp.com\/www.matkailutoimittajienkilta.fi\/blog\/wp-content\/uploads\/2018\/01\/image003_650x.jpg?resize=300%2C141&amp;ssl=1 300w\" sizes=\"(max-width: 650px) 100vw, 650px\" data-recalc-dims=\"1\" \/><p id=\"caption-attachment-670\" class=\"wp-caption-text\">Kulttuuri- ja matkailuattasea Arzu Emel Yildiz ja matkailutoimiston Jere Pesonen vakuuttivat, ett\u00e4 Turkki on yh\u00e4 turvallinen matkailumaa. P\u00e4\u00e4ttyneell\u00e4 kes\u00e4kaudella suomalaisten lentomatkustajien m\u00e4\u00e4r\u00e4 v\u00e4heni Finavian mukaan rajusti esimerkiksi Alanyaan, mutta valmismatkaohjelmat toteutettiin suunnitellusti.<\/p><\/div>\n<\/div>\n<\/div>\n<div class=\"madpages_component\">\n<div class=\"kskpage_title_comp\">\n<h2 id=\"madpages_element_title_80_1\" class=\"madpages_element\" data-ksk-type=\"title\" data-ksk-el-id=\"80_1\">Monipuolinen matkailumaa<\/h2>\n<\/div>\n<\/div>\n<div class=\"madpages_component\">\n<div class=\"kskpage_text_comp\">\n<div id=\"madpages_element_paragraph_81_1\" class=\"madpages_element madpages_paragraph \" data-ksk-type=\"paragraph\" data-ksk-el-id=\"81_1\">\n<p>Turkki on edelleen Turkki. Upea maa, mahtava kulttuuri, huikea historia, miellytt\u00e4v\u00e4 ilmasto, hienot hotellit, pelaavat palvelut ja huokeat hinnat. Lis\u00e4t\u00e4\u00e4n listaan viel\u00e4 herkullinen ruoka, v\u00e4rik\u00e4s kuvataide, hieno musiikki, upeat matot ja k\u00e4sity\u00f6t sek\u00e4 yst\u00e4v\u00e4lliset ihmiset. Ja\u00a0<b>Orhan Pamukin<\/b>kirjat! Sinne tekee mieli menn\u00e4, ja turisteja maa vet\u00e4\u00e4kin yli 39 miljoonaa vuodessa &#8211; 2015 tilaston mukaan.<\/p>\n<p>Turkin valtion kulttuuri- ja matkatoimisto on ollut Helsingiss\u00e4 20 vuotta, ja Turkki on ollut koko t\u00e4m\u00e4n ajan yksi suomalaisten suosikkimaista. Viime vuoden tilaston mukaan Suomesta matkusti Turkkiin 213 803 henkil\u00f6\u00e4. Pinta-alaltaan kaksi Suomea k\u00e4sitt\u00e4v\u00e4ss\u00e4 maassa on rantaa, suurkaupunkia, vuoristoa, jopa talviurheilua. V\u00e4ke\u00e4 on l\u00e4hes 80 miljoonaa. Yli miljoonan asukkaan kaupunkeja on 18. Istanbulissa on asukkaita 15 miljoonaa.<\/p>\n<p>Turkissa on per\u00e4ti 16\u00a0<i>Unescon\u00a0<\/i>maailmanperint\u00f6kohdetta. Rantaviivaa on 8 500 kilometri\u00e4 suuntaan\u00a0<i>Marmaranmeri, Egeanmeri\u00a0<\/i>ja\u00a0<i>V\u00e4limeri<\/i>. V\u00e4lkehtivist\u00e4 vesist\u00e4 voi nauttia veneillen ja risteillen. Voi suunnistaa esimerkiksi\u00a0<i>Dalyaan<\/i>, rantakohteeseen, jota massat eiv\u00e4t ole l\u00f6yt\u00e4neet &#8211; viel\u00e4. Valmismatkoja Suomesta sinne j\u00e4rjest\u00e4\u00e4 jo\u00a0<i>Aurinkomatkat<\/i>. Rannoille poikkeaville on ainutlaatuisia laguuneja, joissa voi t\u00f6rm\u00e4t\u00e4 vaikka l\u00e4mpimiss\u00e4 merivesiss\u00e4 el\u00e4viin\u00a0<i>caretta caretta<\/i>\u00a0-kilpikonniin.<\/p>\n<p>Sinne valkealle hiekalle tahtoisin, vaikka heti. Sinne laskettelemaan talvella tai mantelipuun alle haluaisin vastaanottamaan kev\u00e4tt\u00e4.<\/p>\n<p>Mutta voiko sinne menn\u00e4? Saako se\u00a0<b>Recep Tayyip Erdo\u011fan<\/b>\u00a0maataan j\u00e4rjestykseen? Miten k\u00e4y sananvapauden? P\u00e4\u00e4st\u00e4\u00e4nk\u00f6 pakolaisista sopimukseen? Siell\u00e4 matkailijoita odottavat ainakin ne suuret m\u00e4\u00e4r\u00e4t turkkilaisia, joiden matkamuistomyym\u00e4l\u00e4t, ravintolat ja majoituspaikat ovat konkurssin partaalla. Sit\u00e4 paitsi turkkilaiset pit\u00e4v\u00e4t meit\u00e4 suomalaisia sukulaiskansana.<br \/>\nMatkamessuilla ainakin tavataan!<\/p>\n<p><b>Teksti Hilkka Kotkamaa Kuvat Adrian Soto<\/b><\/p>\n<\/div>\n<\/div>\n<\/div>\n","protected":false},"excerpt":{"rendered":"<p>Turkin matkailuihmiset j\u00e4rjestiv\u00e4t matkailutoimittajille syyskuun lopussa sympaattisen tilaisuuden Turkin matkailusta. He esitteliv\u00e4t kiinnostavia kohteita, uusia tuotteita ja n\u00e4yttiv\u00e4t mahtavia maisemia. Samalla he kertoivat suurella ylpeydell\u00e4, ett\u00e4 Turkki on vuoden 2017 Matkamessujen partnerimaa.\u00a0 Meille korostettiin sit\u00e4, ett\u00e4\u00a0Turkki\u00a0&#8221;saa olla teemamaana Suomen t\u00e4rkeimm\u00e4ss\u00e4 matkailutapahtumassa nyt kun\u00a0Suomi\u00a0juhlii 100-vuotiasta itsen\u00e4isyytt\u00e4\u00e4n&#8221;. Mik\u00e4 kunnia! Tietomme Turkin viimeaikaisista tapahtumista teki meid\u00e4n kysymyksist\u00e4mme v\u00e4h\u00e4n<\/p>\n<div class=\"read-more\"><a href=\"https:\/\/www.matkailutoimittajienkilta.fi\/blog\/levoton-turkki-matkamessujen-partnerimaa\/\" title=\"Read More\">Read More<\/a><\/div>\n","protected":false},"author":15,"featured_media":980,"comment_status":"open","ping_status":"open","sticky":false,"template":"","format":"standard","meta":{"footnotes":""},"categories":[86],"tags":[41],"jetpack_sharing_enabled":true,"jetpack_featured_media_url":"https:\/\/i0.wp.com\/www.matkailutoimittajienkilta.fi\/blog\/wp-content\/uploads\/2017\/09\/Untitled-1.jpg?fit=803%2C464&ssl=1","_links":{"self":[{"href":"https:\/\/www.matkailutoimittajienkilta.fi\/blog\/wp-json\/wp\/v2\/posts\/280"}],"collection":[{"href":"https:\/\/www.matkailutoimittajienkilta.fi\/blog\/wp-json\/wp\/v2\/posts"}],"about":[{"href":"https:\/\/www.matkailutoimittajienkilta.fi\/blog\/wp-json\/wp\/v2\/types\/post"}],"author":[{"embeddable":true,"href":"https:\/\/www.matkailutoimittajienkilta.fi\/blog\/wp-json\/wp\/v2\/users\/15"}],"replies":[{"embeddable":true,"href":"https:\/\/www.matkailutoimittajienkilta.fi\/blog\/wp-json\/wp\/v2\/comments?post=280"}],"version-history":[{"count":6,"href":"https:\/\/www.matkailutoimittajienkilta.fi\/blog\/wp-json\/wp\/v2\/posts\/280\/revisions"}],"predecessor-version":[{"id":757,"href":"https:\/\/www.matkailutoimittajienkilta.fi\/blog\/wp-json\/wp\/v2\/posts\/280\/revisions\/757"}],"wp:featuredmedia":[{"embeddable":true,"href":"https:\/\/www.matkailutoimittajienkilta.fi\/blog\/wp-json\/wp\/v2\/media\/980"}],"wp:attachment":[{"href":"https:\/\/www.matkailutoimittajienkilta.fi\/blog\/wp-json\/wp\/v2\/media?parent=280"}],"wp:term":[{"taxonomy":"category","embeddable":true,"href":"https:\/\/www.matkailutoimittajienkilta.fi\/blog\/wp-json\/wp\/v2\/categories?post=280"},{"taxonomy":"post_tag","embeddable":true,"href":"https:\/\/www.matkailutoimittajienkilta.fi\/blog\/wp-json\/wp\/v2\/tags?post=280"}],"curies":[{"name":"wp","href":"https:\/\/api.w.org\/{rel}","templated":true}]}}