{"id":232,"date":"2017-09-25T11:46:36","date_gmt":"2017-09-25T09:46:36","guid":{"rendered":"http:\/\/35.156.251.224\/?p=232"},"modified":"2018-01-08T14:39:26","modified_gmt":"2018-01-08T12:39:26","slug":"188-maata-esittaytyi-berliinin-itbssa","status":"publish","type":"post","link":"https:\/\/www.matkailutoimittajienkilta.fi\/blog\/188-maata-esittaytyi-berliinin-itbssa\/","title":{"rendered":"188 maata esitt\u00e4ytyi Berliinin ITB:ss\u00e4"},"content":{"rendered":"<p>Messut avasi liittokansleri\u00a0<b>Angela Merkel.<\/b>\u00a0Avajaisissa oli mukana my\u00f6s Indonesian presidentti\u00a0<b>Susilo Bambang Yudhoyono<\/b>, sill\u00e4 Indonesia oli t\u00e4m\u00e4n vuoden teemamaa. Berliinin merkityksest\u00e4 kertoo se, ett\u00e4 sinne saapui maailmalta yli sata matkailu- ja ulkoministeri\u00e4 ja hallitusten edustajaa.<\/p>\n<p>ITB (Internationale Tourismus B\u00f6rse) on niin laaja, ett\u00e4 se vaatii hyvi\u00e4 jalkoja ja tarkkaa ennakkosuunnittelua. Jos vierailup\u00e4ivi\u00e4 on kaksi tai kolme, kannattaa tutustumiset ja tapaamiset j\u00e4rjest\u00e4\u00e4 niin, ettei aina joudu turhaan k\u00e4velem\u00e4\u00e4n kilometrikaupalla.<\/p>\n<p>Jos messutarjonnasta pit\u00e4\u00e4 nostaa jotain yli muiden, ne ovat kotimaan Saksan lis\u00e4ksi ns. hiekkamaat. Saksasta tuntui paikalla olevan jokainen vieh\u00e4tt\u00e4v\u00e4 kaupunki ja kyl\u00e4, ja L\u00e4hi-id\u00e4n \u00f6ljyvaltioissa puhui raha. Arabiemiraattien ja Qatarin lentoyhti\u00f6t, hotellit ja matkailutoimistot todistivat, ett\u00e4 rahalla saa ja laatua on. Qatar Airwaysin osastolta piti menn\u00e4 kysym\u00e4\u00e4n, ett\u00e4 minnek\u00e4s ne Helsingin lennot unohtuivat, kun Varsovaankin jo on lentoja. Qatar on Emiratesin ja Etihadin tavoin kasvanut voimakkaasti. Helsinkikin on tulossa. Sit\u00e4 odotellessa pit\u00e4\u00e4 muistella hiekkayhti\u00f6iden turistiluokan palveluja, jotka tasossaan eiv\u00e4t j\u00e4\u00e4 lainkaan j\u00e4lkeen Euroopan sis\u00e4isist\u00e4 bisnesluokista.<\/p>\n<p>Suomen osallistuminen ei ollut kovinkaan n\u00e4kyv\u00e4\u00e4, jossain siell\u00e4 Norjan, Tanskan ja Baltian takana. Suomen suurl\u00e4hetyst\u00f6ss\u00e4 oli j\u00e4rjestetty vastaanotto, johon suomalaisten messuosallistujien lis\u00e4ksi oli kutsuttu saksalaisia yhteisty\u00f6kumppaneita. Mutta kun paikalla oli parisataa t\u00e4rke\u00e4\u00e4 matkailuhenkil\u00f6\u00e4, olisi luullut ett\u00e4 paikalla ollut Suomen suurl\u00e4hettil\u00e4s olisi viihtynyt pitemp\u00e4\u00e4n paikalla. Viel\u00e4k\u00f6h\u00e4n vuosien takaiset Nokian Bochum-sekoilut Saksassa vaikuttavat ja aiheuttavat h\u00e4pe\u00e4\u00e4 meille suomalaisille?<\/p>\n<p>Indonesia ainakin oli todella t\u00e4ysin syd\u00e4min mukana Berliiniss\u00e4. Tanssijoita, muusikoita ja esiintyji\u00e4 oli yli 300.<\/p>\n<p>Ensi vuonna ITB j\u00e4rjestet\u00e4\u00e4n 5.-9. maaliskuuta. Toimittajat voivat akkreditoitua helposti ja ilmaiseksi ennakkoon ITB:n nettisivulla. Sis\u00e4lle p\u00e4\u00e4see ennakkoon tulostetulla p\u00e4\u00e4sylipulla jonottamatta. Omasta kahden kerran kokemuksesta tied\u00e4n, ett\u00e4 lento- ja hotellivaraus on syyt\u00e4 tehd\u00e4 jo t\u00e4m\u00e4n vuoden puolella, ellei halua maksaa viime hetken korkeita hintoja. My\u00f6s Saksan matkailutoimisto Helsingiss\u00e4 auttaa ensikertalaisia.<\/p>\n<div id=\"attachment_219\" style=\"width: 910px\" class=\"wp-caption alignnone\"><img loading=\"lazy\" decoding=\"async\" aria-describedby=\"caption-attachment-219\" class=\"wp-image-219 size-full\" src=\"https:\/\/i0.wp.com\/www.matkailutoimittajienkilta.fi\/blog\/wp-content\/uploads\/2017\/09\/meksiko_itb.jpg?resize=702%2C468&#038;ssl=1\" alt=\"\" width=\"702\" height=\"468\" srcset=\"https:\/\/i0.wp.com\/www.matkailutoimittajienkilta.fi\/blog\/wp-content\/uploads\/2017\/09\/meksiko_itb.jpg?w=900&amp;ssl=1 900w, https:\/\/i0.wp.com\/www.matkailutoimittajienkilta.fi\/blog\/wp-content\/uploads\/2017\/09\/meksiko_itb.jpg?resize=300%2C200&amp;ssl=1 300w, https:\/\/i0.wp.com\/www.matkailutoimittajienkilta.fi\/blog\/wp-content\/uploads\/2017\/09\/meksiko_itb.jpg?resize=768%2C512&amp;ssl=1 768w\" sizes=\"(max-width: 702px) 100vw, 702px\" data-recalc-dims=\"1\" \/><p id=\"caption-attachment-219\" class=\"wp-caption-text\">Messe Berlinin etel\u00e4inen sis\u00e4\u00e4nk\u00e4ynti on joskus ruuhkainen, mutta mm. toimittajat p\u00e4\u00e4sev\u00e4t sis\u00e4lle jouhevasti.<\/p><\/div>\n","protected":false},"excerpt":{"rendered":"<p>Messut avasi liittokansleri\u00a0Angela Merkel.\u00a0Avajaisissa oli mukana my\u00f6s Indonesian presidentti\u00a0Susilo Bambang Yudhoyono, sill\u00e4 Indonesia oli t\u00e4m\u00e4n vuoden teemamaa. Berliinin merkityksest\u00e4 kertoo se, ett\u00e4 sinne saapui maailmalta yli sata matkailu- ja ulkoministeri\u00e4 ja hallitusten edustajaa. ITB (Internationale Tourismus B\u00f6rse) on niin laaja, ett\u00e4 se vaatii hyvi\u00e4 jalkoja ja tarkkaa ennakkosuunnittelua. Jos vierailup\u00e4ivi\u00e4 on kaksi tai kolme, kannattaa<\/p>\n<div class=\"read-more\"><a href=\"https:\/\/www.matkailutoimittajienkilta.fi\/blog\/188-maata-esittaytyi-berliinin-itbssa\/\" title=\"Read More\">Read More<\/a><\/div>\n","protected":false},"author":15,"featured_media":385,"comment_status":"open","ping_status":"open","sticky":false,"template":"","format":"standard","meta":{"footnotes":""},"categories":[36],"tags":[76,80,81,77],"jetpack_sharing_enabled":true,"jetpack_featured_media_url":"https:\/\/i0.wp.com\/www.matkailutoimittajienkilta.fi\/blog\/wp-content\/uploads\/2017\/09\/fair-449743_1920.jpg?fit=1920%2C1280&ssl=1","_links":{"self":[{"href":"https:\/\/www.matkailutoimittajienkilta.fi\/blog\/wp-json\/wp\/v2\/posts\/232"}],"collection":[{"href":"https:\/\/www.matkailutoimittajienkilta.fi\/blog\/wp-json\/wp\/v2\/posts"}],"about":[{"href":"https:\/\/www.matkailutoimittajienkilta.fi\/blog\/wp-json\/wp\/v2\/types\/post"}],"author":[{"embeddable":true,"href":"https:\/\/www.matkailutoimittajienkilta.fi\/blog\/wp-json\/wp\/v2\/users\/15"}],"replies":[{"embeddable":true,"href":"https:\/\/www.matkailutoimittajienkilta.fi\/blog\/wp-json\/wp\/v2\/comments?post=232"}],"version-history":[{"count":3,"href":"https:\/\/www.matkailutoimittajienkilta.fi\/blog\/wp-json\/wp\/v2\/posts\/232\/revisions"}],"predecessor-version":[{"id":815,"href":"https:\/\/www.matkailutoimittajienkilta.fi\/blog\/wp-json\/wp\/v2\/posts\/232\/revisions\/815"}],"wp:featuredmedia":[{"embeddable":true,"href":"https:\/\/www.matkailutoimittajienkilta.fi\/blog\/wp-json\/wp\/v2\/media\/385"}],"wp:attachment":[{"href":"https:\/\/www.matkailutoimittajienkilta.fi\/blog\/wp-json\/wp\/v2\/media?parent=232"}],"wp:term":[{"taxonomy":"category","embeddable":true,"href":"https:\/\/www.matkailutoimittajienkilta.fi\/blog\/wp-json\/wp\/v2\/categories?post=232"},{"taxonomy":"post_tag","embeddable":true,"href":"https:\/\/www.matkailutoimittajienkilta.fi\/blog\/wp-json\/wp\/v2\/tags?post=232"}],"curies":[{"name":"wp","href":"https:\/\/api.w.org\/{rel}","templated":true}]}}