{"id":218,"date":"2017-09-25T11:04:27","date_gmt":"2017-09-25T09:04:27","guid":{"rendered":"http:\/\/35.156.251.224\/?p=218"},"modified":"2017-09-25T11:04:27","modified_gmt":"2017-09-25T09:04:27","slug":"berliinin-itb-on-parhaat-matkamessut","status":"publish","type":"post","link":"https:\/\/www.matkailutoimittajienkilta.fi\/blog\/berliinin-itb-on-parhaat-matkamessut\/","title":{"rendered":"Berliinin ITB on parhaat matkamessut"},"content":{"rendered":"<h1 class=\"single_post\">Berliinin ITB on parhaat matkamessut<\/h1>\n<p>&nbsp;<\/p>\n<p class=\"blog_date\">Maanantai\u00a017.3.2014 klo 12:41\u00a0&#8211; Reijo H\u00e4rk\u00f6nen<\/p>\n<div id=\"content2\">\n<p>Saksan hallissa teki mieli menn\u00e4 avajaisp\u00e4iv\u00e4n\u00e4 potkimaan punaista palloa Berliinin pormestarin\u00a0<b>Klaus Wowereitin<\/b>\u00a0kanssa, mutta my\u00f6h\u00e4styin alusta. Ehk\u00e4 h\u00e4n potkaisi pallon seuraavan vuoden partnerimaan Mongolian suuntaan. T\u00e4m\u00e4n vuoden partnerimaa oli Meksiko (kuva on Meksiko-juhlasta).<\/p>\n<p>Saksan matkailun rautarouvan\u00a0<b>Marjaana Saurilan<\/b>\u00a0kanssa istahdimme miettim\u00e4\u00e4n tulevia, ja ison nepalilaisen delegaation kanssa vier\u00e4hti viel\u00e4kin pitemp\u00e4\u00e4n. Jos joku ei ole mukana ITB:ss\u00e4, niin matkailun ammattilainen kuin toimittajakin, on pudonnut pois jostain t\u00e4rke\u00e4st\u00e4.<\/p>\n<p>Ensi vuonna messut ovat j\u00e4lleen maaliskuussa. Ennakkoon kannattaa akkreditoitua, ja p\u00e4\u00e4sykortti tulostuu koko messujen ajaksi omasta ty\u00f6asemasta. Ja kun varaa hotellin ja lennon ajoissa, esimerkiksi marraskuussa, ovat hinnat kohdallaan. Kun lis\u00e4ksi varaa hotellin oikein, kuljettaa shuttle-bussi ovelta messuille ja illalla takaisin.<\/p>\n<p>Messuilla Berliini kuten Saksakin kertoivat viime vuoden my\u00f6nteiset matkailuluvut: Berliiniss\u00e4 27 miljoonaa y\u00f6pymist\u00e4, 11 miljoonaa matkailijaa ulkomailta, kasvua kahdeksan prosenttia. Monen berliinil\u00e4isen mielest\u00e4 k\u00e4vij\u00f6it\u00e4 alkaa tosin olla jo tarpeeksi, ja hinnat ovat nousseet. Silti Saksa on suomalaiselle edelleen edullinen matkailumaa.<\/p>\n<p>Messuilla on jokaiselle jotakin ja v\u00e4h\u00e4n ylitsekin. Kun v\u00e4limatkat eri hallien v\u00e4lill\u00e4 ovat pitk\u00e4t, k\u00e4velt\u00e4vi\u00e4 kilometrej\u00e4 kertyy. Messuvierailu k\u00e4y siis my\u00f6s kuntoilup\u00e4ivist\u00e4.<\/p>\n<\/div>\n","protected":false},"excerpt":{"rendered":"<p>Berliinin ITB on parhaat matkamessut &nbsp; Maanantai\u00a017.3.2014 klo 12:41\u00a0&#8211; Reijo H\u00e4rk\u00f6nen Saksan hallissa teki mieli menn\u00e4 avajaisp\u00e4iv\u00e4n\u00e4 potkimaan punaista palloa Berliinin pormestarin\u00a0Klaus Wowereitin\u00a0kanssa, mutta my\u00f6h\u00e4styin alusta. Ehk\u00e4 h\u00e4n potkaisi pallon seuraavan vuoden partnerimaan Mongolian suuntaan. T\u00e4m\u00e4n vuoden partnerimaa oli Meksiko (kuva on Meksiko-juhlasta). Saksan matkailun rautarouvan\u00a0Marjaana Saurilan\u00a0kanssa istahdimme miettim\u00e4\u00e4n tulevia, ja ison nepalilaisen delegaation kanssa<\/p>\n<div class=\"read-more\"><a href=\"https:\/\/www.matkailutoimittajienkilta.fi\/blog\/berliinin-itb-on-parhaat-matkamessut\/\" title=\"Read More\">Read More<\/a><\/div>\n","protected":false},"author":15,"featured_media":219,"comment_status":"open","ping_status":"open","sticky":false,"template":"","format":"standard","meta":{"footnotes":""},"categories":[36],"tags":[76,77],"jetpack_sharing_enabled":true,"jetpack_featured_media_url":"https:\/\/i0.wp.com\/www.matkailutoimittajienkilta.fi\/blog\/wp-content\/uploads\/2017\/09\/meksiko_itb.jpg?fit=900%2C600&ssl=1","_links":{"self":[{"href":"https:\/\/www.matkailutoimittajienkilta.fi\/blog\/wp-json\/wp\/v2\/posts\/218"}],"collection":[{"href":"https:\/\/www.matkailutoimittajienkilta.fi\/blog\/wp-json\/wp\/v2\/posts"}],"about":[{"href":"https:\/\/www.matkailutoimittajienkilta.fi\/blog\/wp-json\/wp\/v2\/types\/post"}],"author":[{"embeddable":true,"href":"https:\/\/www.matkailutoimittajienkilta.fi\/blog\/wp-json\/wp\/v2\/users\/15"}],"replies":[{"embeddable":true,"href":"https:\/\/www.matkailutoimittajienkilta.fi\/blog\/wp-json\/wp\/v2\/comments?post=218"}],"version-history":[{"count":1,"href":"https:\/\/www.matkailutoimittajienkilta.fi\/blog\/wp-json\/wp\/v2\/posts\/218\/revisions"}],"predecessor-version":[{"id":220,"href":"https:\/\/www.matkailutoimittajienkilta.fi\/blog\/wp-json\/wp\/v2\/posts\/218\/revisions\/220"}],"wp:featuredmedia":[{"embeddable":true,"href":"https:\/\/www.matkailutoimittajienkilta.fi\/blog\/wp-json\/wp\/v2\/media\/219"}],"wp:attachment":[{"href":"https:\/\/www.matkailutoimittajienkilta.fi\/blog\/wp-json\/wp\/v2\/media?parent=218"}],"wp:term":[{"taxonomy":"category","embeddable":true,"href":"https:\/\/www.matkailutoimittajienkilta.fi\/blog\/wp-json\/wp\/v2\/categories?post=218"},{"taxonomy":"post_tag","embeddable":true,"href":"https:\/\/www.matkailutoimittajienkilta.fi\/blog\/wp-json\/wp\/v2\/tags?post=218"}],"curies":[{"name":"wp","href":"https:\/\/api.w.org\/{rel}","templated":true}]}}