{"id":2125,"date":"2019-02-04T14:01:39","date_gmt":"2019-02-04T12:01:39","guid":{"rendered":"http:\/\/matkailutoimittajienkilta.fi\/?p=2125"},"modified":"2019-02-04T14:22:50","modified_gmt":"2019-02-04T12:22:50","slug":"ranska-on-suosituin-turistikohde","status":"publish","type":"post","link":"https:\/\/www.matkailutoimittajienkilta.fi\/blog\/ranska-on-suosituin-turistikohde\/","title":{"rendered":"Ranska on suosituin turistikohde"},"content":{"rendered":"<h2 class=\"western\" lang=\"fi-FI\"><span style=\"color: #0000ff;\"><span style=\"font-family: Lucida Grande, serif;\"><span style=\"font-size: medium;\"><span lang=\"fi-FI\"><b>Ranska on maailman matkailun ykk\u00f6skohde. Sinne matkaa vuosittain 90 miljoonaa turistia, mutta lis\u00e4\u00e4 halutaan: vuoden 2020 tavoite on jopa sata miljoonaa matkailijaa.<\/b><\/span><\/span><\/span><\/span><\/h2>\n<p>&nbsp;<\/p>\n<p class=\"western\" lang=\"fi-FI\"><strong><span style=\"color: #000000;\"><span style=\"font-family: Lucida Grande, serif;\"><span style=\"font-size: medium;\"><span lang=\"fi-FI\">Teksti Reijo H\u00e4rk\u00f6nen, Marja-Liisa Kinturi<\/span><\/span><\/span><\/span><\/strong><\/p>\n<p class=\"western\" lang=\"fi-FI\"><strong><span style=\"color: #000000;\"><span style=\"font-family: Lucida Grande, serif;\"><span style=\"font-size: medium;\"><span lang=\"fi-FI\">Kuvat Adri\u00e1n Soto, Atout France<\/span><\/span><\/span><\/span><\/strong><\/p>\n<p class=\"western\" lang=\"fi-FI\"><span style=\"color: #000000;\"><span style=\"font-family: Lucida Grande, serif;\"><span style=\"font-size: medium;\"><span lang=\"fi-FI\">Ranska esitt\u00e4ytyi matkailualan ammattilaisille ja medialle suurl\u00e4hetyst\u00f6ss\u00e4\u00e4n Helsingiss\u00e4 tammikuun lopussa. Kun matkailu monista maista on v\u00e4hentynyt laman vuoksi, Skandinavian ja Suomen luvut n\u00e4ytt\u00e4v\u00e4t kasvua. Vuonna 2017 suomalaisia k\u00e4vi Ranskassa 421 000. Tulevalla kes\u00e4kaudella Finnair lent\u00e4\u00e4 Lyoniin, Bordeaux\u2019hon ja my\u00f6s Nizzaan.<\/span><\/span><\/span><\/span><\/p>\n<div id=\"attachment_2132\" style=\"width: 414px\" class=\"wp-caption alignright\"><img loading=\"lazy\" decoding=\"async\" aria-describedby=\"caption-attachment-2132\" class=\"wp-image-2132\" src=\"https:\/\/i0.wp.com\/matkailutoimittajienkilta.fi\/wp-content\/uploads\/2019\/02\/Plateau-de-fuits-de-mer-300x200.jpg?resize=404%2C269\" alt=\"\" width=\"404\" height=\"269\" srcset=\"https:\/\/i0.wp.com\/www.matkailutoimittajienkilta.fi\/blog\/wp-content\/uploads\/2019\/02\/Plateau-de-fuits-de-mer.jpg?resize=300%2C200&amp;ssl=1 300w, https:\/\/i0.wp.com\/www.matkailutoimittajienkilta.fi\/blog\/wp-content\/uploads\/2019\/02\/Plateau-de-fuits-de-mer.jpg?resize=768%2C512&amp;ssl=1 768w, https:\/\/i0.wp.com\/www.matkailutoimittajienkilta.fi\/blog\/wp-content\/uploads\/2019\/02\/Plateau-de-fuits-de-mer.jpg?resize=1024%2C683&amp;ssl=1 1024w, https:\/\/i0.wp.com\/www.matkailutoimittajienkilta.fi\/blog\/wp-content\/uploads\/2019\/02\/Plateau-de-fuits-de-mer.jpg?w=1385&amp;ssl=1 1385w\" sizes=\"(max-width: 404px) 100vw, 404px\" data-recalc-dims=\"1\" \/><p id=\"caption-attachment-2132\" class=\"wp-caption-text\">Merenel\u00e4v\u00e4t on parasta ruokaa Ranskassa.<\/p><\/div>\n<p class=\"western\" lang=\"fi-FI\"><span style=\"color: #000000;\"><span style=\"font-family: Lucida Grande, serif;\"><span style=\"font-size: medium;\"><span lang=\"fi-FI\">Provence Etel\u00e4-Ranskassa kasvattaa suosiotaan entisest\u00e4\u00e4n. Marseillesin lentokent\u00e4ll\u00e4 vuosi 2018 oli enn\u00e4tysm\u00e4inen, matkustajia oli 9,4 miljoonaa. Marseillesista on helppo vierailla Arlesissa ja Aix-en-Provencessa. My\u00f6s Avignoniin p\u00e4\u00e4see sielt\u00e4 junalla alle tunnissa. Jos ei ole liikkeell\u00e4 omalla autolla, Pariisin lentokent\u00e4lt\u00e4 on nopealla TGV-junalla kolmen tunnin matka Marseillesiin.<\/span><\/span><\/span><\/span><\/p>\n<p class=\"western\" lang=\"fi-FI\"><span style=\"color: #000000;\"><span style=\"font-family: Lucida Grande, serif;\"><span style=\"font-size: medium;\"><span lang=\"fi-FI\">Jos mennein\u00e4 vuosina Marseillesilla oli ehk\u00e4 hieman ep\u00e4m\u00e4\u00e4r\u00e4inen maine, nykyisin kaupunki on puhdistunut. Vanhan sataman seutu kalatoreineen on unohtumaton. Ravintolat terasseineen taistelevat turisteista v\u00e4itt\u00e4en, ett\u00e4 juuri heid\u00e4n bouillabaissensa, kalakeittonsa, on kaupungin paras, ei tuon naapurin.<\/span><\/span><\/span><\/span><\/p>\n<div id=\"attachment_2129\" style=\"width: 382px\" class=\"wp-caption alignright\"><img loading=\"lazy\" decoding=\"async\" aria-describedby=\"caption-attachment-2129\" class=\"wp-image-2129\" src=\"https:\/\/i0.wp.com\/matkailutoimittajienkilta.fi\/wp-content\/uploads\/2019\/02\/IMG_2637-300x221.jpg?resize=372%2C274\" alt=\"\" width=\"372\" height=\"274\" srcset=\"https:\/\/i0.wp.com\/www.matkailutoimittajienkilta.fi\/blog\/wp-content\/uploads\/2019\/02\/IMG_2637.jpg?resize=300%2C221&amp;ssl=1 300w, https:\/\/i0.wp.com\/www.matkailutoimittajienkilta.fi\/blog\/wp-content\/uploads\/2019\/02\/IMG_2637.jpg?resize=768%2C565&amp;ssl=1 768w, https:\/\/i0.wp.com\/www.matkailutoimittajienkilta.fi\/blog\/wp-content\/uploads\/2019\/02\/IMG_2637.jpg?resize=1024%2C753&amp;ssl=1 1024w, https:\/\/i0.wp.com\/www.matkailutoimittajienkilta.fi\/blog\/wp-content\/uploads\/2019\/02\/IMG_2637.jpg?w=1256&amp;ssl=1 1256w\" sizes=\"(max-width: 372px) 100vw, 372px\" data-recalc-dims=\"1\" \/><p id=\"caption-attachment-2129\" class=\"wp-caption-text\">Ranskan l\u00e4hetyst\u00f6 Helsingiss\u00e4 kutsui matkailuv\u00e4ke\u00e4 vieraaksi.<\/p><\/div>\n<p class=\"western\" lang=\"fi-FI\"><span style=\"color: #000000;\"><span style=\"font-family: Lucida Grande, serif;\"><span style=\"font-size: medium;\"><span lang=\"fi-FI\">Ranskan uusia turistikohteita ovat viime vuonna Alsacessa avattu keskiaikaisten k\u00e4sikirjoitusten kirjasto ja Deauvillessa, parin tunnin p\u00e4\u00e4ss\u00e4 Pariisista j\u00e4rjestett\u00e4v\u00e4 Calvados Experience, seikkaper\u00e4inen tutustuminen t\u00e4h\u00e4n jaloon juomaan. <\/span><\/span><\/span><\/span><\/p>\n<p class=\"western\" lang=\"fi-FI\"><span style=\"color: #000080;\"><span style=\"font-family: Lucida Grande, serif;\"><span style=\"font-size: medium;\"><span lang=\"fi-FI\"><u><a href=\"http:\/\/www.atout-france.fr\">http:\/\/www.atout-france.fr<\/a><\/u><\/span><\/span><\/span><\/span><\/p>\n<p lang=\"fi-FI\"><a href=\"http:\/\/www.nicetourisme.com\">http:\/\/www.nicetourisme.com<\/a><\/p>\n<p lang=\"fi-FI\"><a href=\"http:\/\/www.deauville.pro\">http:\/\/www.deauville.pro<\/a><\/p>\n<p class=\"western\" lang=\"fi-FI\"><span style=\"color: #000080;\"><span style=\"font-family: Lucida Grande, serif;\"><span style=\"font-size: medium;\"><span lang=\"fi-FI\"><u><a href=\"http:\/\/www.marseille-tourisme.com\">http:\/\/www.marseille-tourisme.com<\/a><\/u><\/span><\/span><\/span><\/span><\/p>\n<div id=\"attachment_2130\" style=\"width: 407px\" class=\"wp-caption aligncenter\"><img loading=\"lazy\" decoding=\"async\" aria-describedby=\"caption-attachment-2130\" class=\"wp-image-2130\" src=\"https:\/\/i0.wp.com\/matkailutoimittajienkilta.fi\/wp-content\/uploads\/2019\/02\/Ranska1-Boursier00312-300x225.jpg?resize=397%2C298\" alt=\"\" width=\"397\" height=\"298\" srcset=\"https:\/\/i0.wp.com\/www.matkailutoimittajienkilta.fi\/blog\/wp-content\/uploads\/2019\/02\/Ranska1-Boursier00312.jpg?resize=300%2C225&amp;ssl=1 300w, https:\/\/i0.wp.com\/www.matkailutoimittajienkilta.fi\/blog\/wp-content\/uploads\/2019\/02\/Ranska1-Boursier00312.jpg?resize=768%2C576&amp;ssl=1 768w, https:\/\/i0.wp.com\/www.matkailutoimittajienkilta.fi\/blog\/wp-content\/uploads\/2019\/02\/Ranska1-Boursier00312.jpg?resize=1024%2C768&amp;ssl=1 1024w, https:\/\/i0.wp.com\/www.matkailutoimittajienkilta.fi\/blog\/wp-content\/uploads\/2019\/02\/Ranska1-Boursier00312.jpg?w=1232&amp;ssl=1 1232w\" sizes=\"(max-width: 397px) 100vw, 397px\" data-recalc-dims=\"1\" \/><p id=\"caption-attachment-2130\" class=\"wp-caption-text\">Maailman suosituin matkailukohde tarjoaa kaikkea kaikille.<\/p><\/div>\n","protected":false},"excerpt":{"rendered":"<p>Ranska on maailman matkailun ykk\u00f6skohde. Sinne matkaa vuosittain 90 miljoonaa turistia, mutta lis\u00e4\u00e4 halutaan: vuoden 2020 tavoite on jopa sata miljoonaa matkailijaa. &nbsp; Teksti Reijo H\u00e4rk\u00f6nen, Marja-Liisa Kinturi Kuvat Adri\u00e1n Soto, Atout France Ranska esitt\u00e4ytyi matkailualan ammattilaisille ja medialle suurl\u00e4hetyst\u00f6ss\u00e4\u00e4n Helsingiss\u00e4 tammikuun lopussa. Kun matkailu monista maista on v\u00e4hentynyt laman vuoksi, Skandinavian ja Suomen luvut<\/p>\n<div class=\"read-more\"><a href=\"https:\/\/www.matkailutoimittajienkilta.fi\/blog\/ranska-on-suosituin-turistikohde\/\" title=\"Read More\">Read More<\/a><\/div>\n","protected":false},"author":15,"featured_media":2127,"comment_status":"closed","ping_status":"closed","sticky":false,"template":"","format":"standard","meta":{"footnotes":""},"categories":[3],"tags":[311,314,313,312,310],"jetpack_sharing_enabled":true,"jetpack_featured_media_url":"https:\/\/i0.wp.com\/www.matkailutoimittajienkilta.fi\/blog\/wp-content\/uploads\/2019\/02\/B\u00e9nerville-sur-mer_BABXIII.jpg?fit=1643%2C924&ssl=1","_links":{"self":[{"href":"https:\/\/www.matkailutoimittajienkilta.fi\/blog\/wp-json\/wp\/v2\/posts\/2125"}],"collection":[{"href":"https:\/\/www.matkailutoimittajienkilta.fi\/blog\/wp-json\/wp\/v2\/posts"}],"about":[{"href":"https:\/\/www.matkailutoimittajienkilta.fi\/blog\/wp-json\/wp\/v2\/types\/post"}],"author":[{"embeddable":true,"href":"https:\/\/www.matkailutoimittajienkilta.fi\/blog\/wp-json\/wp\/v2\/users\/15"}],"replies":[{"embeddable":true,"href":"https:\/\/www.matkailutoimittajienkilta.fi\/blog\/wp-json\/wp\/v2\/comments?post=2125"}],"version-history":[{"count":5,"href":"https:\/\/www.matkailutoimittajienkilta.fi\/blog\/wp-json\/wp\/v2\/posts\/2125\/revisions"}],"predecessor-version":[{"id":2136,"href":"https:\/\/www.matkailutoimittajienkilta.fi\/blog\/wp-json\/wp\/v2\/posts\/2125\/revisions\/2136"}],"wp:featuredmedia":[{"embeddable":true,"href":"https:\/\/www.matkailutoimittajienkilta.fi\/blog\/wp-json\/wp\/v2\/media\/2127"}],"wp:attachment":[{"href":"https:\/\/www.matkailutoimittajienkilta.fi\/blog\/wp-json\/wp\/v2\/media?parent=2125"}],"wp:term":[{"taxonomy":"category","embeddable":true,"href":"https:\/\/www.matkailutoimittajienkilta.fi\/blog\/wp-json\/wp\/v2\/categories?post=2125"},{"taxonomy":"post_tag","embeddable":true,"href":"https:\/\/www.matkailutoimittajienkilta.fi\/blog\/wp-json\/wp\/v2\/tags?post=2125"}],"curies":[{"name":"wp","href":"https:\/\/api.w.org\/{rel}","templated":true}]}}