{"id":1819,"date":"2018-11-20T12:34:59","date_gmt":"2018-11-20T10:34:59","guid":{"rendered":"http:\/\/matkailutoimittajienkilta.fi\/?p=1819"},"modified":"2018-11-20T12:55:57","modified_gmt":"2018-11-20T10:55:57","slug":"berliinin-ruokamessut-on-suomen-juhlaa-se-vahvistaa-suomi-kuvaa","status":"publish","type":"post","link":"https:\/\/www.matkailutoimittajienkilta.fi\/blog\/berliinin-ruokamessut-on-suomen-juhlaa-se-vahvistaa-suomi-kuvaa\/","title":{"rendered":"Berliinin ruokamessut on Suomen juhlaa <br\/>Se vahvistaa Suomi-kuvaa"},"content":{"rendered":"<p>&nbsp;<\/p>\n<h3><span style=\"color: #0000ff;\"><b>Suomalainen ruoka ei ole koskaan ennen saanut niin paljon huomiota kuin nyt tammikuussa Berliinin ruokamessuilla. <\/b><b>Gr\u00fcne Wochen<\/b><b> eli <\/b><b>Vihre\u00e4n Viikon<\/b><b> kumppanimaa on Suomi.<\/b><\/span><\/h3>\n<p><strong>Teksti Reijo H\u00e4rk\u00f6nen<\/strong><\/p>\n<p>Maa- ja mets\u00e4talousministeri <b>Jari Lepp\u00e4<\/b> sanoi ruokamessujen esittelytilaisuudessa <i>Helsingiss\u00e4<\/i>, ett\u00e4 <i>Suomella<\/i> ei ole koskaan ollut t\u00e4llaista tilaisuutta esitell\u00e4 maailman puhtainta ja luotettavinta ruokaa. On siin\u00e4 mukana tietysti eksotiikkaakin. \u201dT\u00e4m\u00e4 vahvistaa Suomi-kuvaamme. Vientipotentiaalia on nyt paljon, mutta se vaatii pitk\u00e4j\u00e4nteisyytt\u00e4. T\u00e4m\u00e4 ei ole pikamatka vaan maratooni.\u201d<\/p>\n<p><i>Gr\u00fcne Woche<\/i> on kuluttajamessut, joille tulee 400 000 vierasta. Kyse on my\u00f6s ammattitapahtumasta, johon saapuvat maailman kaikki maatalousministerit. Jari Lepp\u00e4 lupaa tavata heist\u00e4 niin monta kuin ehtii. Ruoka-ammattilaisia saapuu 94 000, eri maita on 65, ja Suomi on siis ykk\u00f6smaa. Suomesta on paikalla meid\u00e4n kokkimaajoukkueemme.<\/p>\n<h2><\/h2>\n<h2><span style=\"color: #0000ff;\"><span style=\"font-size: large;\"><b>Gr\u00fcne Woche, 18.-27.1.2019 Messe Berlin, <\/b><\/span><a style=\"color: #0000ff;\" href=\"http:\/\/www.gruenewoche.de\/\"><span style=\"font-size: large;\"><u><b>www.gruenewoche.de<\/b><\/u><\/span><\/a><span style=\"font-size: large;\"><b>, <\/b><\/span><a style=\"color: #0000ff;\" href=\"http:\/\/www.austerwildnis.fi\/\"><span style=\"font-size: large;\"><u><b>www.ausderwildnis.fi<\/b><\/u><\/span><\/a><\/span><b> <\/b><\/h2>\n<p>&nbsp;<\/p>\n<p><i>MTK<\/i>:n puheenjohtaja <b>Juha Marttila<\/b> uskoo, ett\u00e4 Suomi valloittaa saksalaisten kuluttajien syd\u00e4met omilla valttikorteillamme, eli luonto, puhtaus ja vastuulliset tuotantotavat. Messuilla on mukana yli 80 suomalaista yrityst\u00e4, etenkin <i>J\u00e4rvi-Suomen<\/i> alueelta. <i>Messe Berlinin<\/i> halli 10 on kokonaan varattu Suomelle. Vaikka kyse on ruoasta, pit\u00e4\u00e4 muistaa my\u00f6s matkailu: moni saksalainen l\u00e4htee matkalle kokemaan my\u00f6s ruokael\u00e4myksi\u00e4, Suomeenkin. Matkailuyrityksi\u00e4 Suomesta on mukana toistakymment\u00e4.<\/p>\n<div id=\"attachment_1828\" style=\"width: 357px\" class=\"wp-caption alignright\"><img loading=\"lazy\" decoding=\"async\" aria-describedby=\"caption-attachment-1828\" class=\" wp-image-1828\" src=\"https:\/\/i0.wp.com\/matkailutoimittajienkilta.fi\/wp-content\/uploads\/2018\/11\/Gr\u00fcne-Woche-Berlin2-300x154.jpg?resize=347%2C178\" alt=\"\" width=\"347\" height=\"178\" data-recalc-dims=\"1\" \/><p id=\"caption-attachment-1828\" class=\"wp-caption-text\">Koskaan aiemmin ei Suomi ole saanut n\u00e4in paljon n\u00e4kyvyytt\u00e4 ulkomailla. Suomelle on Berliinin Vihre\u00e4ll\u00e4 viikolla varattu kokonainen halli. Kuva MTK<\/p><\/div>\n<p>Kumppanuussopimuksen taustalla ovat MTK, suomenruotsalaisten <i>SLC<\/i> ja <i>Business Finland<\/i>. Suomen suurl\u00e4hetyst\u00f6 Berliiniss\u00e4 on my\u00f6s mukana, ja uskomme ett\u00e4 l\u00e4hetyst\u00f6ss\u00e4 <i>Koskenkorva<\/i> virtaa kokkimaajoukkueen taidonn\u00e4ytteiden ohella. Messujen ravintoloissa on tarjolla my\u00f6s Suomi-teema.<\/p>\n","protected":false},"excerpt":{"rendered":"<p>&nbsp; Suomalainen ruoka ei ole koskaan ennen saanut niin paljon huomiota kuin nyt tammikuussa Berliinin ruokamessuilla. Gr\u00fcne Wochen eli Vihre\u00e4n Viikon kumppanimaa on Suomi. Teksti Reijo H\u00e4rk\u00f6nen Maa- ja mets\u00e4talousministeri Jari Lepp\u00e4 sanoi ruokamessujen esittelytilaisuudessa Helsingiss\u00e4, ett\u00e4 Suomella ei ole koskaan ollut t\u00e4llaista tilaisuutta esitell\u00e4 maailman puhtainta ja luotettavinta ruokaa. On siin\u00e4 mukana tietysti eksotiikkaakin.<\/p>\n<div class=\"read-more\"><a href=\"https:\/\/www.matkailutoimittajienkilta.fi\/blog\/berliinin-ruokamessut-on-suomen-juhlaa-se-vahvistaa-suomi-kuvaa\/\" title=\"Read More\">Read More<\/a><\/div>\n","protected":false},"author":15,"featured_media":1823,"comment_status":"closed","ping_status":"closed","sticky":false,"template":"","format":"standard","meta":{"footnotes":""},"categories":[3,2],"tags":[271,272,273],"jetpack_sharing_enabled":true,"jetpack_featured_media_url":"https:\/\/i0.wp.com\/www.matkailutoimittajienkilta.fi\/blog\/wp-content\/uploads\/2018\/11\/kokkimaajoukkue_net.jpg?fit=1109%2C884&ssl=1","_links":{"self":[{"href":"https:\/\/www.matkailutoimittajienkilta.fi\/blog\/wp-json\/wp\/v2\/posts\/1819"}],"collection":[{"href":"https:\/\/www.matkailutoimittajienkilta.fi\/blog\/wp-json\/wp\/v2\/posts"}],"about":[{"href":"https:\/\/www.matkailutoimittajienkilta.fi\/blog\/wp-json\/wp\/v2\/types\/post"}],"author":[{"embeddable":true,"href":"https:\/\/www.matkailutoimittajienkilta.fi\/blog\/wp-json\/wp\/v2\/users\/15"}],"replies":[{"embeddable":true,"href":"https:\/\/www.matkailutoimittajienkilta.fi\/blog\/wp-json\/wp\/v2\/comments?post=1819"}],"version-history":[{"count":5,"href":"https:\/\/www.matkailutoimittajienkilta.fi\/blog\/wp-json\/wp\/v2\/posts\/1819\/revisions"}],"predecessor-version":[{"id":1831,"href":"https:\/\/www.matkailutoimittajienkilta.fi\/blog\/wp-json\/wp\/v2\/posts\/1819\/revisions\/1831"}],"wp:featuredmedia":[{"embeddable":true,"href":"https:\/\/www.matkailutoimittajienkilta.fi\/blog\/wp-json\/wp\/v2\/media\/1823"}],"wp:attachment":[{"href":"https:\/\/www.matkailutoimittajienkilta.fi\/blog\/wp-json\/wp\/v2\/media?parent=1819"}],"wp:term":[{"taxonomy":"category","embeddable":true,"href":"https:\/\/www.matkailutoimittajienkilta.fi\/blog\/wp-json\/wp\/v2\/categories?post=1819"},{"taxonomy":"post_tag","embeddable":true,"href":"https:\/\/www.matkailutoimittajienkilta.fi\/blog\/wp-json\/wp\/v2\/tags?post=1819"}],"curies":[{"name":"wp","href":"https:\/\/api.w.org\/{rel}","templated":true}]}}