{"id":169,"date":"2017-09-20T12:02:56","date_gmt":"2017-09-20T10:02:56","guid":{"rendered":"http:\/\/35.156.251.224\/?p=169"},"modified":"2018-01-08T16:58:39","modified_gmt":"2018-01-08T14:58:39","slug":"turkki-sile","status":"publish","type":"post","link":"https:\/\/www.matkailutoimittajienkilta.fi\/blog\/turkki-sile\/","title":{"rendered":"Turkki, \u015eile"},"content":{"rendered":"<div class=\"madpages_component\">\n<div class=\"kskpage_title_comp\">\n<h1 id=\"madpages_element_title_2_1\" class=\"madpages_element\" data-ksk-type=\"title\" data-ksk-el-id=\"2_1\">Kes\u00e4retkelle Istanbulista<\/h1>\n<\/div>\n<\/div>\n<div class=\"madpages_component\">\n<div class=\"kskpage_text_comp\">\n<div id=\"madpages_element_paragraph_3_1\" class=\"madpages_element madpages_paragraph \" data-ksk-type=\"paragraph\" data-ksk-el-id=\"3_1\"><b>Istanbul houkuttelee suorien ja hyvien lentoyhteyksiens\u00e4 ansiosta yh\u00e4 enemm\u00e4n suomalaisia paneutumaan Topkapin palatsin loisteliaaseen menneisyyteen, ihailemaan Bosporin salmen yli avautuvia n\u00e4kymi\u00e4 ja ihmettelem\u00e4\u00e4n Suuren Basaarin h\u00e4lin\u00e4\u00e4 tai Hagia Sofian harrasta tunnelmaa.<br \/>\n<\/b><br \/>\n<i>Teksti ja kuvat Marja-Liisa Kinturi<br \/>\n<\/i><br \/>\nSuurkaupungin n\u00e4ht\u00e4vyyksien j\u00e4lkeen on ainakin kes\u00e4ll\u00e4 hyv\u00e4 idea vet\u00e4yty\u00e4 muutamaksi p\u00e4iv\u00e4ksi rantalomalle Aasian puolella sijaitsevaan Mustan Meren rantakaupunkiin \u015eileen, joka tunnetaan Turkin vanhimmasta majakasta ja ihanan kevyest\u00e4 saman nimisest\u00e4 kankaasta. Et\u00e4isyys Istanbulista on vajaat 70 kilometri\u00e4 ja bussiyhteydet s\u00e4\u00e4nn\u00f6lliset.Idyllisen pikkukaupungin vajaan 30 000 asukkaan v\u00e4kiluku miltei kymmenkertaistuu kes\u00e4kuukausina, sill\u00e4 my\u00f6s monilla Istanbulissa asuvilla on t\u00e4\u00e4ll\u00e4 kes\u00e4asunnot. Kes\u00e4iltaisin hienohiekkaisille rannoille ker\u00e4\u00e4ntyykin tuhansittain ihmisi\u00e4 viett\u00e4m\u00e4\u00e4n iloisia rantajuhlia. Uimakausi \u015eiless\u00e4 kest\u00e4\u00e4 toukokuusta syyskuuhun, kun se V\u00e4limeren puolella on tuntuvasti pitempi &#8211; toisaalta kes\u00e4s\u00e4\u00e4 \u015eiless\u00e4 on huomattavasti miellytt\u00e4v\u00e4mpi ja v\u00e4hemm\u00e4n tukahduttava kuin V\u00e4limeren rannikkokaupungeissa.<\/div>\n<\/div>\n<\/div>\n<div class=\"madpages_component\">\n<div class=\"madpages_image_container className \"><\/div>\n<div class=\"madpages_image_container className \">\n<div id=\"attachment_928\" style=\"width: 322px\" class=\"wp-caption alignleft\"><img loading=\"lazy\" decoding=\"async\" aria-describedby=\"caption-attachment-928\" class=\"wp-image-928 size-full\" src=\"https:\/\/i0.wp.com\/www.matkailutoimittajienkilta.fi\/blog\/wp-content\/uploads\/2017\/09\/sile_fenerimajakka100dpi-3093_312x.jpg?resize=312%2C416&#038;ssl=1\" alt=\"\" width=\"312\" height=\"416\" srcset=\"https:\/\/i0.wp.com\/www.matkailutoimittajienkilta.fi\/blog\/wp-content\/uploads\/2017\/09\/sile_fenerimajakka100dpi-3093_312x.jpg?w=312&amp;ssl=1 312w, https:\/\/i0.wp.com\/www.matkailutoimittajienkilta.fi\/blog\/wp-content\/uploads\/2017\/09\/sile_fenerimajakka100dpi-3093_312x.jpg?resize=225%2C300&amp;ssl=1 225w\" sizes=\"(max-width: 312px) 100vw, 312px\" data-recalc-dims=\"1\" \/><p id=\"caption-attachment-928\" class=\"wp-caption-text\">Kahvila luonnon helmassa.<\/p><\/div>\n<div id=\"attachment_927\" style=\"width: 322px\" class=\"wp-caption alignleft\"><img loading=\"lazy\" decoding=\"async\" aria-describedby=\"caption-attachment-927\" class=\"wp-image-927 size-full\" src=\"https:\/\/i0.wp.com\/www.matkailutoimittajienkilta.fi\/blog\/wp-content\/uploads\/2017\/09\/sile_nakyma_kahvilalta100dpi-3089_312x.jpg?resize=312%2C416&#038;ssl=1\" alt=\"\" width=\"312\" height=\"416\" srcset=\"https:\/\/i0.wp.com\/www.matkailutoimittajienkilta.fi\/blog\/wp-content\/uploads\/2017\/09\/sile_nakyma_kahvilalta100dpi-3089_312x.jpg?w=312&amp;ssl=1 312w, https:\/\/i0.wp.com\/www.matkailutoimittajienkilta.fi\/blog\/wp-content\/uploads\/2017\/09\/sile_nakyma_kahvilalta100dpi-3089_312x.jpg?resize=225%2C300&amp;ssl=1 225w\" sizes=\"(max-width: 312px) 100vw, 312px\" data-recalc-dims=\"1\" \/><p id=\"caption-attachment-927\" class=\"wp-caption-text\">Sile Feneri, vanha majakka, valmistui sulttaani Abdulmecitin hallituskaudella vuonna 1860.<\/p><\/div>\n<\/div>\n<\/div>\n<div class=\"madpages_component\">\n<div class=\"kskpage_text_comp\">\n<div data-ksk-type=\"paragraph\" data-ksk-el-id=\"5_1\"><\/div>\n<div data-ksk-type=\"paragraph\" data-ksk-el-id=\"5_1\"><\/div>\n<div id=\"madpages_element_paragraph_5_1\" class=\"madpages_element madpages_paragraph \" data-ksk-type=\"paragraph\" data-ksk-el-id=\"5_1\">\n<p>&nbsp;<\/p>\n<p>&nbsp;<\/p>\n<p>&nbsp;<\/p>\n<p>&nbsp;<\/p>\n<p>&nbsp;<\/p>\n<p>&nbsp;<\/p>\n<p>&nbsp;<\/p>\n<p>&nbsp;<\/p>\n<p>&nbsp;<\/p>\n<p><b>Maamerkkin\u00e4 Turkin vanhin ja suurin majakka<\/b><\/p>\n<p>\u015eilen maamerkki, reilut 150 vuotta vanha majakka \u015eile Feneri, on Turkin suurin ja valmistui vuonna 1860 sulttaani Abdulmecitin hallituskaudella. Kallionyppyl\u00e4n p\u00e4\u00e4lle rakennettu majakka kohoaa 19 metrin korkeuteen ja huipulle p\u00e4\u00e4semiseksi pit\u00e4\u00e4 kiivet\u00e4 75 rappusta. Majakan tekniikka on ranskalaista ja k\u00e4sitt\u00e4\u00e4 1000 watin s\u00e4hk\u00f6lampun sek\u00e4 kahdeksan linssi\u00e4. Valo n\u00e4kyy kauas!<\/p>\n<p>Majakan alapuolella on vieh\u00e4tt\u00e4v\u00e4, luonnonl\u00e4heinen kahvila, jonka pihalla tepastelee kanoja, hanhia ja ankkoja. V\u00e4rikk\u00e4\u00e4n sammaleen t\u00e4plitt\u00e4milt\u00e4 kalliot\u00f6yr\u00e4ilt\u00e4 on upeat n\u00e4k\u00f6alat vastakkaisella niemell\u00e4 sijaitsevaan, Bysantin ajalta per\u00e4isin olevaan linnoitukseen, johon p\u00e4\u00e4see k\u00f6ysiradan kyydiss\u00e4. Kaupungissa on my\u00f6s pieni kreikkalaistyylinen amfiteatteri.<\/p>\n<\/div>\n<\/div>\n<\/div>\n<div class=\"madpages_component\">\n<div class=\"madpages_image_container className \">\n<div id=\"attachment_926\" style=\"width: 660px\" class=\"wp-caption alignnone\"><img loading=\"lazy\" decoding=\"async\" aria-describedby=\"caption-attachment-926\" class=\"wp-image-926 size-full\" src=\"https:\/\/i0.wp.com\/www.matkailutoimittajienkilta.fi\/blog\/wp-content\/uploads\/2017\/09\/sile_nakyma_majakalta100dpi-3091_650x.jpg?resize=650%2C488&#038;ssl=1\" alt=\"\" width=\"650\" height=\"488\" srcset=\"https:\/\/i0.wp.com\/www.matkailutoimittajienkilta.fi\/blog\/wp-content\/uploads\/2017\/09\/sile_nakyma_majakalta100dpi-3091_650x.jpg?w=650&amp;ssl=1 650w, https:\/\/i0.wp.com\/www.matkailutoimittajienkilta.fi\/blog\/wp-content\/uploads\/2017\/09\/sile_nakyma_majakalta100dpi-3091_650x.jpg?resize=300%2C225&amp;ssl=1 300w\" sizes=\"(max-width: 650px) 100vw, 650px\" data-recalc-dims=\"1\" \/><p id=\"caption-attachment-926\" class=\"wp-caption-text\">Lahdenpoukamien v\u00e4liin j\u00e4\u00e4 idyllisi\u00e4, pieni\u00e4 hiekkarantoja.<\/p><\/div>\n<\/div>\n<\/div>\n<div class=\"madpages_component\">\n<div class=\"kskpage_text_comp\">\n<div id=\"madpages_element_paragraph_7_1\" class=\"madpages_element madpages_paragraph \" data-ksk-type=\"paragraph\" data-ksk-el-id=\"7_1\">\n<p>Rantakallioita kutsutaan itkeviksi kallioiksi, koska vesi huuhtelee niit\u00e4 jatkuvasti. Varsinkin pienten lahdenpoukamien vieh\u00e4tt\u00e4viin kallionpoukamiin syntyneill\u00e4 hiekkarannoilla uimareiden on kuitenkin syyt\u00e4 varoa merivirtoja, jotka voivat t\u00e4\u00e4ll\u00e4 olla petollisen voimakkaita.<\/p>\n<p>Kaupunki majakan ymp\u00e4rist\u00f6ss\u00e4 koostuu p\u00e4\u00e4osin kaksi- ja kolmikerroksisista taloista, joiden v\u00e4liin on j\u00e4\u00e4nyt muutamia vanhempia\u00a0 puutaloja. Osa n\u00e4ytt\u00e4\u00e4 verrattain r\u00e4nsistyneilt\u00e4, mutta siit\u00e4 huolimatta &#8211;\u00a0 tai ehk\u00e4 juuri siksi\u00a0 &#8211; kerrassaan vieh\u00e4tt\u00e4vilt\u00e4! Katukuvaa t\u00e4ydent\u00e4\u00e4 muutama vieraiden tielt\u00e4 piiloon luikahtava kujakatti, yksi j\u00e4\u00e4 istumaan valppaan n\u00e4k\u00f6isen\u00e4 kiviaidalle pystytetyn satelliittiantennin viereen. Majakalle johtavan kujan p\u00e4\u00e4ss\u00e4 valtava susikoira haukahtelee aidan takana ja viestitt\u00e4\u00e4 vieraiden tulosta.<\/p>\n<\/div>\n<\/div>\n<\/div>\n<div class=\"madpages_component\">\n<div class=\"madpages_image_container className \">\n<div id=\"attachment_929\" style=\"width: 660px\" class=\"wp-caption alignnone\"><img loading=\"lazy\" decoding=\"async\" aria-describedby=\"caption-attachment-929\" class=\"size-full wp-image-929\" src=\"https:\/\/i0.wp.com\/www.matkailutoimittajienkilta.fi\/blog\/wp-content\/uploads\/2017\/09\/sile_vanhoja_taloja_100dpi-3097_650x.jpg?resize=650%2C488&#038;ssl=1\" alt=\"\" width=\"650\" height=\"488\" srcset=\"https:\/\/i0.wp.com\/www.matkailutoimittajienkilta.fi\/blog\/wp-content\/uploads\/2017\/09\/sile_vanhoja_taloja_100dpi-3097_650x.jpg?w=650&amp;ssl=1 650w, https:\/\/i0.wp.com\/www.matkailutoimittajienkilta.fi\/blog\/wp-content\/uploads\/2017\/09\/sile_vanhoja_taloja_100dpi-3097_650x.jpg?resize=300%2C225&amp;ssl=1 300w\" sizes=\"(max-width: 650px) 100vw, 650px\" data-recalc-dims=\"1\" \/><p id=\"caption-attachment-929\" class=\"wp-caption-text\">Muutamat vanhat, r\u00e4nsistyneet puutalot ovat perin maalauksellisia ja valppaiden kujakattien reviiri\u00e4.<\/p><\/div>\n<\/div>\n<\/div>\n","protected":false},"excerpt":{"rendered":"<p>Kes\u00e4retkelle Istanbulista Istanbul houkuttelee suorien ja hyvien lentoyhteyksiens\u00e4 ansiosta yh\u00e4 enemm\u00e4n suomalaisia paneutumaan Topkapin palatsin loisteliaaseen menneisyyteen, ihailemaan Bosporin salmen yli avautuvia n\u00e4kymi\u00e4 ja ihmettelem\u00e4\u00e4n Suuren Basaarin h\u00e4lin\u00e4\u00e4 tai Hagia Sofian harrasta tunnelmaa. Teksti ja kuvat Marja-Liisa Kinturi Suurkaupungin n\u00e4ht\u00e4vyyksien j\u00e4lkeen on ainakin kes\u00e4ll\u00e4 hyv\u00e4 idea vet\u00e4yty\u00e4 muutamaksi p\u00e4iv\u00e4ksi rantalomalle Aasian puolella sijaitsevaan Mustan Meren<\/p>\n<div class=\"read-more\"><a href=\"https:\/\/www.matkailutoimittajienkilta.fi\/blog\/turkki-sile\/\" title=\"Read More\">Read More<\/a><\/div>\n","protected":false},"author":15,"featured_media":170,"comment_status":"open","ping_status":"open","sticky":false,"template":"","format":"standard","meta":{"footnotes":""},"categories":[3],"tags":[42,41],"jetpack_sharing_enabled":true,"jetpack_featured_media_url":"https:\/\/i0.wp.com\/www.matkailutoimittajienkilta.fi\/blog\/wp-content\/uploads\/2017\/09\/silen_rantakallioita100dpi-3094_650x.jpg?fit=650%2C488&ssl=1","_links":{"self":[{"href":"https:\/\/www.matkailutoimittajienkilta.fi\/blog\/wp-json\/wp\/v2\/posts\/169"}],"collection":[{"href":"https:\/\/www.matkailutoimittajienkilta.fi\/blog\/wp-json\/wp\/v2\/posts"}],"about":[{"href":"https:\/\/www.matkailutoimittajienkilta.fi\/blog\/wp-json\/wp\/v2\/types\/post"}],"author":[{"embeddable":true,"href":"https:\/\/www.matkailutoimittajienkilta.fi\/blog\/wp-json\/wp\/v2\/users\/15"}],"replies":[{"embeddable":true,"href":"https:\/\/www.matkailutoimittajienkilta.fi\/blog\/wp-json\/wp\/v2\/comments?post=169"}],"version-history":[{"count":5,"href":"https:\/\/www.matkailutoimittajienkilta.fi\/blog\/wp-json\/wp\/v2\/posts\/169\/revisions"}],"predecessor-version":[{"id":931,"href":"https:\/\/www.matkailutoimittajienkilta.fi\/blog\/wp-json\/wp\/v2\/posts\/169\/revisions\/931"}],"wp:featuredmedia":[{"embeddable":true,"href":"https:\/\/www.matkailutoimittajienkilta.fi\/blog\/wp-json\/wp\/v2\/media\/170"}],"wp:attachment":[{"href":"https:\/\/www.matkailutoimittajienkilta.fi\/blog\/wp-json\/wp\/v2\/media?parent=169"}],"wp:term":[{"taxonomy":"category","embeddable":true,"href":"https:\/\/www.matkailutoimittajienkilta.fi\/blog\/wp-json\/wp\/v2\/categories?post=169"},{"taxonomy":"post_tag","embeddable":true,"href":"https:\/\/www.matkailutoimittajienkilta.fi\/blog\/wp-json\/wp\/v2\/tags?post=169"}],"curies":[{"name":"wp","href":"https:\/\/api.w.org\/{rel}","templated":true}]}}