{"id":1613,"date":"2018-08-23T11:32:51","date_gmt":"2018-08-23T09:32:51","guid":{"rendered":"http:\/\/matkailutoimittajienkilta.fi\/?p=1613"},"modified":"2018-08-23T11:48:29","modified_gmt":"2018-08-23T09:48:29","slug":"mailman-pohjoista-lansilaitaa-haravoimassa-osa-2reykjavikista-vancouverin-saarelle-british-columbia-kanada","status":"publish","type":"post","link":"https:\/\/www.matkailutoimittajienkilta.fi\/blog\/mailman-pohjoista-lansilaitaa-haravoimassa-osa-2reykjavikista-vancouverin-saarelle-british-columbia-kanada\/","title":{"rendered":"Mailman Pohjoista l\u00e4nsilaitaa haravoimassa  Osa 2:<br\/>Reykjavikista Vancouverin saarelle, British Columbia, Kanada"},"content":{"rendered":"<h3 class=\"western\"><span style=\"font-family: Arial, sans-serif; color: #0000ff;\"><span style=\"font-size: small;\"><b>Seitsem\u00e4n tunnin lento Reykjavikista Vancouveriin sujui leppoisasti taivaalla leijailevia salaper\u00e4isi\u00e4 kirjoitusmerkkej\u00e4 tutkien ja tulkiten. J\u00e4nnitt\u00e4v\u00e4n muotoiset hattarat olivat todenn\u00e4k\u00f6isesti toisen lentokoneen taakseen j\u00e4tt\u00e4mi\u00e4 savumerkkej\u00e4, joita pohjoisen pallonpuoliskon tuuli huvikseen muotoili.<\/b><\/span><\/span><\/h3>\n<h4>Teksti ja kuvat Marja-Liisa Kinturi<\/h4>\n<p><span style=\"font-family: Arial, sans-serif;\"><span style=\"font-size: small;\"><i>Vacouverin<\/i><\/span><\/span><span style=\"font-family: Arial, sans-serif;\"><span style=\"font-size: small;\"> kaupungista saarelle on reilun tunnin lauttamatka, jonka aikana voi vaikka tankata illallista lautan kahvilassa. Saarelle voi my\u00f6s lent\u00e4\u00e4, jolloin kiva vaihtoehto on kaupungin keskustasta l\u00e4htev\u00e4 vesitaso.<\/span><\/span><span style=\"font-family: Arial, sans-serif;\"><span style=\"font-size: small;\"><i> Suomesta<\/i><\/span><\/span><span style=\"font-family: Arial, sans-serif;\"><span style=\"font-size: small;\"> k\u00e4sin t\u00e4llainen vaihtoehto kuulosti jotenkin hankalalta, joten valinta osui autolauttaan. Paluumatkalla tosin huomasimme, kuinka loistava vaihtoehto vesitaso oli. Liikenne on s\u00e4\u00e4nn\u00f6llist\u00e4 ja perin ammattimaista ja n\u00e4kym\u00e4t matalalla kaupungin ja rantojen yll\u00e4 hieno el\u00e4mys.<\/span><\/span><\/p>\n<p class=\"western\"><span style=\"font-family: Arial, sans-serif;\"><span style=\"font-size: small;\"><i>Kanadan Brittil\u00e4iseen Kolumbiaan<\/i><\/span><\/span><span style=\"font-family: Arial, sans-serif;\"><span style=\"font-size: small;\"> kuuluva Vancouverinsaari on reilut 400 kilometri\u00e4 pitk\u00e4 ja asettuu <\/span><\/span><span style=\"font-family: Arial, sans-serif;\"><span style=\"font-size: small;\"><i>Yhdysvaltain<\/i><\/span><\/span><span style=\"font-family: Arial, sans-serif;\"><span style=\"font-size: small;\"> ja <\/span><\/span><span style=\"font-family: Arial, sans-serif;\"><span style=\"font-size: small;\"><i>Kanadan<\/i><\/span><\/span><span style=\"font-family: Arial, sans-serif;\"><span style=\"font-size: small;\"> rajalle amerikkalaisen <\/span><\/span><span style=\"font-family: Arial, sans-serif;\"><span style=\"font-size: small;\"><i>Seattlen<\/i><\/span><\/span><span style=\"font-family: Arial, sans-serif;\"><span style=\"font-size: small;\"> kaupungin \u201dkainalokuoppaan\u201d. P\u00e4\u00e4kaupunki <\/span><\/span><span style=\"font-family: Arial, sans-serif;\"><span style=\"font-size: small;\"><i>Victoria<\/i><\/span><\/span><span style=\"font-family: Arial, sans-serif;\"><span style=\"font-size: small;\"> on saaren etel\u00e4k\u00e4rjess\u00e4, toinen mainittava kaupunki <\/span><\/span><span style=\"font-family: Arial, sans-serif;\"><span style=\"font-size: small;\"><i>Nanaimo<\/i><\/span><\/span><span style=\"font-family: Arial, sans-serif;\"><span style=\"font-size: small;\"> sit\u00e4 hiukan pohjoiseen, ja ensimm\u00e4inen etappimme <\/span><\/span><span style=\"font-family: Arial, sans-serif;\"><span style=\"font-size: small;\"><i>Courtneyn<\/i><\/span><\/span><span style=\"font-family: Arial, sans-serif;\"><span style=\"font-size: small;\"> pikkukaupunki viel\u00e4 v\u00e4h\u00e4n pohjoisempana rannikolla <\/span><\/span><span style=\"font-family: Arial, sans-serif;\"><span style=\"font-size: small;\"><i>Amerikan<\/i><\/span><\/span><span style=\"font-family: Arial, sans-serif;\"><span style=\"font-size: small;\"> mannerta vastap\u00e4\u00e4t\u00e4.<\/span><\/span><\/p>\n<div id=\"attachment_1618\" style=\"width: 475px\" class=\"wp-caption alignnone\"><img loading=\"lazy\" decoding=\"async\" aria-describedby=\"caption-attachment-1618\" class=\" wp-image-1618\" src=\"https:\/\/i0.wp.com\/matkailutoimittajienkilta.fi\/wp-content\/uploads\/2018\/08\/Courtneyn-huvivenesatama-4153-kopio-300x225.jpg?resize=465%2C350\" alt=\"\" width=\"465\" height=\"350\" srcset=\"https:\/\/i0.wp.com\/www.matkailutoimittajienkilta.fi\/blog\/wp-content\/uploads\/2018\/08\/Courtneyn-huvivenesatama-4153-kopio.jpg?resize=300%2C225&amp;ssl=1 300w, https:\/\/i0.wp.com\/www.matkailutoimittajienkilta.fi\/blog\/wp-content\/uploads\/2018\/08\/Courtneyn-huvivenesatama-4153-kopio.jpg?resize=768%2C576&amp;ssl=1 768w, https:\/\/i0.wp.com\/www.matkailutoimittajienkilta.fi\/blog\/wp-content\/uploads\/2018\/08\/Courtneyn-huvivenesatama-4153-kopio.jpg?resize=1024%2C768&amp;ssl=1 1024w, https:\/\/i0.wp.com\/www.matkailutoimittajienkilta.fi\/blog\/wp-content\/uploads\/2018\/08\/Courtneyn-huvivenesatama-4153-kopio.jpg?w=1404&amp;ssl=1 1404w, https:\/\/i0.wp.com\/www.matkailutoimittajienkilta.fi\/blog\/wp-content\/uploads\/2018\/08\/Courtneyn-huvivenesatama-4153-kopio.jpg?w=2106&amp;ssl=1 2106w\" sizes=\"(max-width: 465px) 100vw, 465px\" data-recalc-dims=\"1\" \/><p id=\"caption-attachment-1618\" class=\"wp-caption-text\">Courteneyn huvivenesatama.<\/p><\/div>\n<h3 class=\"western\"><span style=\"font-family: Arial, sans-serif;\"><span style=\"font-size: small;\"><b>Kuvauksellisia, ajopuiden t\u00e4plitt\u00e4mi\u00e4 merenrantoja<\/b><\/span><\/span><\/h3>\n<p class=\"western\"><span style=\"font-family: Arial, sans-serif;\"><span style=\"font-size: small;\">Courtenay on noin 25 000 asukkaan ja vehreiden puutarhojen ymp\u00e4r\u00f6ivien omakotitalojen iso ryp\u00e4s <\/span><\/span><span style=\"font-family: Arial, sans-serif;\"><span style=\"font-size: small;\"><i>Comoxin<\/i><\/span><\/span><span style=\"font-family: Arial, sans-serif;\"><span style=\"font-size: small;\"> laaksossa. Varsinaisia n\u00e4ht\u00e4vyyksi\u00e4 on v\u00e4h\u00e4n, mutta kuvaukselliset merenrannat hiekalle ajautuneine ajopuineen eiv\u00e4t ole kaukana, ja autollahan t\u00e4\u00e4ll\u00e4 muutenkin liikutaan. Ruoka k\u00e4yd\u00e4\u00e4n autolla hakemassa isoista supermarketeista, mutta sesongin tuoreet vihannekset ostetaan mieluummin paikallisten viljelij\u00f6iden omasta kaupasta.<\/span><\/span><\/p>\n<div id=\"attachment_1615\" style=\"width: 480px\" class=\"wp-caption alignnone\"><img loading=\"lazy\" decoding=\"async\" aria-describedby=\"caption-attachment-1615\" class=\" wp-image-1615\" src=\"https:\/\/i0.wp.com\/matkailutoimittajienkilta.fi\/wp-content\/uploads\/2018\/08\/Farmers-Market-herkkuja-tarjolla1552-kopio-300x200.jpg?resize=470%2C313\" alt=\"\" width=\"470\" height=\"313\" srcset=\"https:\/\/i0.wp.com\/www.matkailutoimittajienkilta.fi\/blog\/wp-content\/uploads\/2018\/08\/Farmers-Market-herkkuja-tarjolla1552-kopio.jpg?resize=300%2C200&amp;ssl=1 300w, https:\/\/i0.wp.com\/www.matkailutoimittajienkilta.fi\/blog\/wp-content\/uploads\/2018\/08\/Farmers-Market-herkkuja-tarjolla1552-kopio.jpg?resize=768%2C512&amp;ssl=1 768w, https:\/\/i0.wp.com\/www.matkailutoimittajienkilta.fi\/blog\/wp-content\/uploads\/2018\/08\/Farmers-Market-herkkuja-tarjolla1552-kopio.jpg?resize=1024%2C683&amp;ssl=1 1024w, https:\/\/i0.wp.com\/www.matkailutoimittajienkilta.fi\/blog\/wp-content\/uploads\/2018\/08\/Farmers-Market-herkkuja-tarjolla1552-kopio.jpg?w=1404&amp;ssl=1 1404w, https:\/\/i0.wp.com\/www.matkailutoimittajienkilta.fi\/blog\/wp-content\/uploads\/2018\/08\/Farmers-Market-herkkuja-tarjolla1552-kopio.jpg?w=2106&amp;ssl=1 2106w\" sizes=\"(max-width: 470px) 100vw, 470px\" data-recalc-dims=\"1\" \/><p id=\"caption-attachment-1615\" class=\"wp-caption-text\">Farmers&#8217; Market &#8211; tuotteita&#8230;.<\/p><\/div>\n<p class=\"western\"><span style=\"font-family: Arial, sans-serif;\"><span style=\"font-size: small;\">Laskuveden aikana rannalla on hauska astella ja tutkia, mit\u00e4 pakeneva vesi on j\u00e4tt\u00e4nyt auringolle alttiiksi, kuten jalokive\u00e4 muistuttavan meduusan tai auringon punakuoriseksi \u201dkeitt\u00e4m\u00e4n\u201d pikku ravun.<\/span><\/span><\/p>\n<p class=\"western\"><span style=\"font-family: Arial, sans-serif;\"><span style=\"font-size: small;\">Ajopuur\u00f6ykki\u00f6t paljastavat paikallisissa metsiss\u00e4 kasvavien puiden huikean kokoluokan: Amerikassa ollaan ja Amerikassahan kaikki on aina suurta. My\u00f6s puut.<\/span><\/span><\/p>\n<div id=\"attachment_1617\" style=\"width: 486px\" class=\"wp-caption alignnone\"><img loading=\"lazy\" decoding=\"async\" aria-describedby=\"caption-attachment-1617\" class=\" wp-image-1617\" src=\"https:\/\/i0.wp.com\/matkailutoimittajienkilta.fi\/wp-content\/uploads\/2018\/08\/Ajopuita-rannalla-Courtneyssa-1243-kopio-300x200.jpg?resize=476%2C317\" alt=\"\" width=\"476\" height=\"317\" srcset=\"https:\/\/i0.wp.com\/www.matkailutoimittajienkilta.fi\/blog\/wp-content\/uploads\/2018\/08\/Ajopuita-rannalla-Courtneyssa-1243-kopio.jpg?resize=300%2C200&amp;ssl=1 300w, https:\/\/i0.wp.com\/www.matkailutoimittajienkilta.fi\/blog\/wp-content\/uploads\/2018\/08\/Ajopuita-rannalla-Courtneyssa-1243-kopio.jpg?resize=768%2C512&amp;ssl=1 768w, https:\/\/i0.wp.com\/www.matkailutoimittajienkilta.fi\/blog\/wp-content\/uploads\/2018\/08\/Ajopuita-rannalla-Courtneyssa-1243-kopio.jpg?resize=1024%2C683&amp;ssl=1 1024w, https:\/\/i0.wp.com\/www.matkailutoimittajienkilta.fi\/blog\/wp-content\/uploads\/2018\/08\/Ajopuita-rannalla-Courtneyssa-1243-kopio.jpg?w=1404&amp;ssl=1 1404w, https:\/\/i0.wp.com\/www.matkailutoimittajienkilta.fi\/blog\/wp-content\/uploads\/2018\/08\/Ajopuita-rannalla-Courtneyssa-1243-kopio.jpg?w=2106&amp;ssl=1 2106w\" sizes=\"(max-width: 476px) 100vw, 476px\" data-recalc-dims=\"1\" \/><p id=\"caption-attachment-1617\" class=\"wp-caption-text\">Ajopuita rannalla Courtneyssa.<\/p><\/div>\n<p class=\"western\"><span style=\"font-family: Arial, sans-serif;\"><span style=\"font-size: small;\">Huvivenesatamassa kelluu sadoittain valkokylkisi\u00e4 purje- ja moottoriveneit\u00e4, ja kalastusveneiden laiturissa myyd\u00e4\u00e4n p\u00e4ivitt\u00e4in takuutuoretta lohta. T\u00e4\u00e4ll\u00e4 se ei ole suinkaan kassikasvatettua kirjolohta, vaan villin\u00e4 ja vapaana Tyynen meren pohjoisilla vesill\u00e4 kasvanutta.<\/span><\/span><\/p>\n<p class=\"western\"><span style=\"font-family: Arial, sans-serif;\"><span style=\"font-size: small;\">Viereisell\u00e4 nurmikkoalueella lapsilla on tilaa leikki\u00e4 ja nauttia auringosta. Lapsia varten nurmikko on peitetty osin isolla muovip\u00e4\u00e4llysteell\u00e4 leikkialustalla, jota kastellaan, jotta siin\u00e4 olisi hauska liukua. Kes\u00e4ist\u00e4 luistelua ja m\u00e4enlaskua! <\/span><\/span><\/p>\n<div id=\"attachment_1619\" style=\"width: 488px\" class=\"wp-caption alignnone\"><img loading=\"lazy\" decoding=\"async\" aria-describedby=\"caption-attachment-1619\" class=\" wp-image-1619\" src=\"https:\/\/i0.wp.com\/matkailutoimittajienkilta.fi\/wp-content\/uploads\/2018\/08\/Hellep\u00e4iv\u00e4n-iloja-Comoxissa-4172-kopio-300x180.jpg?resize=478%2C287\" alt=\"\" width=\"478\" height=\"287\" srcset=\"https:\/\/i0.wp.com\/www.matkailutoimittajienkilta.fi\/blog\/wp-content\/uploads\/2018\/08\/Hellep\u00e4iv\u00e4n-iloja-Comoxissa-4172-kopio.jpg?resize=300%2C180&amp;ssl=1 300w, https:\/\/i0.wp.com\/www.matkailutoimittajienkilta.fi\/blog\/wp-content\/uploads\/2018\/08\/Hellep\u00e4iv\u00e4n-iloja-Comoxissa-4172-kopio.jpg?resize=768%2C460&amp;ssl=1 768w, https:\/\/i0.wp.com\/www.matkailutoimittajienkilta.fi\/blog\/wp-content\/uploads\/2018\/08\/Hellep\u00e4iv\u00e4n-iloja-Comoxissa-4172-kopio.jpg?resize=1024%2C614&amp;ssl=1 1024w, https:\/\/i0.wp.com\/www.matkailutoimittajienkilta.fi\/blog\/wp-content\/uploads\/2018\/08\/Hellep\u00e4iv\u00e4n-iloja-Comoxissa-4172-kopio.jpg?w=1404&amp;ssl=1 1404w, https:\/\/i0.wp.com\/www.matkailutoimittajienkilta.fi\/blog\/wp-content\/uploads\/2018\/08\/Hellep\u00e4iv\u00e4n-iloja-Comoxissa-4172-kopio.jpg?w=2106&amp;ssl=1 2106w\" sizes=\"(max-width: 478px) 100vw, 478px\" data-recalc-dims=\"1\" \/><p id=\"caption-attachment-1619\" class=\"wp-caption-text\">Hellepa\u0308iva\u0308n iloja Comoxissa.<\/p><\/div>\n","protected":false},"excerpt":{"rendered":"<p>Seitsem\u00e4n tunnin lento Reykjavikista Vancouveriin sujui leppoisasti taivaalla leijailevia salaper\u00e4isi\u00e4 kirjoitusmerkkej\u00e4 tutkien ja tulkiten. J\u00e4nnitt\u00e4v\u00e4n muotoiset hattarat olivat todenn\u00e4k\u00f6isesti toisen lentokoneen taakseen j\u00e4tt\u00e4mi\u00e4 savumerkkej\u00e4, joita pohjoisen pallonpuoliskon tuuli huvikseen muotoili. Teksti ja kuvat Marja-Liisa Kinturi Vacouverin kaupungista saarelle on reilun tunnin lauttamatka, jonka aikana voi vaikka tankata illallista lautan kahvilassa. Saarelle voi my\u00f6s lent\u00e4\u00e4, jolloin<\/p>\n<div class=\"read-more\"><a href=\"https:\/\/www.matkailutoimittajienkilta.fi\/blog\/mailman-pohjoista-lansilaitaa-haravoimassa-osa-2reykjavikista-vancouverin-saarelle-british-columbia-kanada\/\" title=\"Read More\">Read More<\/a><\/div>\n","protected":false},"author":15,"featured_media":1614,"comment_status":"closed","ping_status":"closed","sticky":false,"template":"","format":"standard","meta":{"footnotes":""},"categories":[121,4],"tags":[229,230,227,228],"jetpack_sharing_enabled":true,"jetpack_featured_media_url":"https:\/\/i0.wp.com\/www.matkailutoimittajienkilta.fi\/blog\/wp-content\/uploads\/2018\/08\/Tuoretta-lohta-joka-p\u00e4iv\u00e4_4156-kopio.jpg?fit=3907%2C2088&ssl=1","_links":{"self":[{"href":"https:\/\/www.matkailutoimittajienkilta.fi\/blog\/wp-json\/wp\/v2\/posts\/1613"}],"collection":[{"href":"https:\/\/www.matkailutoimittajienkilta.fi\/blog\/wp-json\/wp\/v2\/posts"}],"about":[{"href":"https:\/\/www.matkailutoimittajienkilta.fi\/blog\/wp-json\/wp\/v2\/types\/post"}],"author":[{"embeddable":true,"href":"https:\/\/www.matkailutoimittajienkilta.fi\/blog\/wp-json\/wp\/v2\/users\/15"}],"replies":[{"embeddable":true,"href":"https:\/\/www.matkailutoimittajienkilta.fi\/blog\/wp-json\/wp\/v2\/comments?post=1613"}],"version-history":[{"count":9,"href":"https:\/\/www.matkailutoimittajienkilta.fi\/blog\/wp-json\/wp\/v2\/posts\/1613\/revisions"}],"predecessor-version":[{"id":1633,"href":"https:\/\/www.matkailutoimittajienkilta.fi\/blog\/wp-json\/wp\/v2\/posts\/1613\/revisions\/1633"}],"wp:featuredmedia":[{"embeddable":true,"href":"https:\/\/www.matkailutoimittajienkilta.fi\/blog\/wp-json\/wp\/v2\/media\/1614"}],"wp:attachment":[{"href":"https:\/\/www.matkailutoimittajienkilta.fi\/blog\/wp-json\/wp\/v2\/media?parent=1613"}],"wp:term":[{"taxonomy":"category","embeddable":true,"href":"https:\/\/www.matkailutoimittajienkilta.fi\/blog\/wp-json\/wp\/v2\/categories?post=1613"},{"taxonomy":"post_tag","embeddable":true,"href":"https:\/\/www.matkailutoimittajienkilta.fi\/blog\/wp-json\/wp\/v2\/tags?post=1613"}],"curies":[{"name":"wp","href":"https:\/\/api.w.org\/{rel}","templated":true}]}}