{"id":1545,"date":"2018-08-02T09:26:35","date_gmt":"2018-08-02T07:26:35","guid":{"rendered":"http:\/\/matkailutoimittajienkilta.fi\/?p=1545"},"modified":"2018-08-02T09:55:24","modified_gmt":"2018-08-02T07:55:24","slug":"maailman-pohjoista-lansilaitaa-haravoimassa-osa-1-reykjavik-islanti","status":"publish","type":"post","link":"https:\/\/www.matkailutoimittajienkilta.fi\/blog\/maailman-pohjoista-lansilaitaa-haravoimassa-osa-1-reykjavik-islanti\/","title":{"rendered":"Maailman pohjoista l\u00e4nsilaitaa haravoimassa <br\/> Osa 1: Reykjavik, Islanti"},"content":{"rendered":"<h3 class=\"western\"><span style=\"font-family: 'Times New Roman', serif; color: #0000ff;\"><span style=\"font-size: medium;\"><b>Islandairin tarjoama stop over -palvelu on saanut lukemattomat Euroopan ja Pohjois-Amerikan v\u00e4li\u00e4 lent\u00e4v\u00e4t matkustajat pys\u00e4htym\u00e4\u00e4n Islannissa ja ainakin sen vieh\u00e4tt\u00e4v\u00e4ss\u00e4 p\u00e4\u00e4kaupungissa Reykjavikissa \u2013 jopa siin\u00e4 m\u00e4\u00e4rin, ett\u00e4 sadattuhannet turistit ovat alkaneet h\u00e4irit\u00e4 pienen maan arkip\u00e4iv\u00e4\u00e4.<\/b><\/span><\/span><\/h3>\n<p class=\"western\"><span style=\"font-family: Times New Roman, serif;\"><span style=\"font-size: medium;\"><b>Teksti ja kuvat Marja-Liisa Kinturi<\/b><\/span><\/span><\/p>\n<p class=\"western\"><span style=\"color: #000000;\"><span style=\"font-family: Times New Roman, serif;\"><span style=\"font-size: medium;\">Raha on silti aina tervetullutta ja vieraat toivotetaan hymysuin tervetulleiksi. Parin p\u00e4iv\u00e4n pys\u00e4hdys katkaisemassa \u00a0tukahduttavan pitk\u00e4\u00e4 lentoa <\/span><\/span><\/span><span style=\"color: #000000;\"><span style=\"font-family: Times New Roman, serif;\"><span style=\"font-size: medium;\"><i>Helsingist\u00e4 Kanadan Vancouveriin<\/i><\/span><\/span><\/span> <span style=\"color: #000000;\"><span style=\"font-family: Times New Roman, serif;\"><span style=\"font-size: medium;\">osoittautui hyv\u00e4ksi ideaksi. <\/span><\/span><\/span><\/p>\n<p class=\"western\"><span style=\"color: #000000;\"><span style=\"font-family: Times New Roman, serif;\"><span style=\"font-size: medium;\">Mustanpuhuva puuton maisema heti lentokent\u00e4lt\u00e4 kaupunkia kohti ajettaessa n\u00e4ytti loppukes\u00e4n auringossa yht\u00e4 karun lohduttomalta kuin vuosia sitten ensivisiitill\u00e4ni maaliskuussa. Silloin oivalsin, mist\u00e4 kaikki<\/span><\/span><\/span> <span style=\"color: #000000;\"><span style=\"font-family: Times New Roman, serif;\"><span style=\"font-size: medium;\"><i>Islannin<\/i><\/span><\/span><\/span> <span style=\"color: #000000;\"><span style=\"font-family: Times New Roman, serif;\"><span style=\"font-size: medium;\">kuuluisat tarut ovat syntyneet; n\u00e4ist\u00e4 mielikuvitusta ruokkivista mustanpuhuvista louhikoista ja rosoisista, maan uumenista h\u00f6yry\u00e4vist\u00e4 koloista.<\/span><\/span><\/span><\/p>\n<p class=\"western\"><span style=\"color: #000000;\"><span style=\"font-family: Times New Roman, serif;\"><span style=\"font-size: medium;\">Kaupungin keskustaa l\u00e4hestytt\u00e4ess\u00e4 luonto alkoi kuitenkin vihert\u00e4\u00e4 ja liikenne lis\u00e4\u00e4nty\u00e4. Maisema n\u00e4ytti jo normaalilta vihreine istutuksineen. Taivaita kohti kohoava moderni <\/span><\/span><\/span><span style=\"color: #000000;\"><span style=\"font-family: Times New Roman, serif;\"><span style=\"font-size: medium;\"><i>Hallgrimskirkja<\/i><\/span><\/span><\/span> <span style=\"color: #000000;\"><span style=\"font-family: Times New Roman, serif;\"><span style=\"font-size: medium;\">vilahti ohi, samoin valkoinen, mansardikattoinen puutalo, <\/span><\/span><\/span><span style=\"color: #000000;\"><span style=\"font-family: Times New Roman, serif;\"><span style=\"font-size: medium;\"><i>H\u00f6f\u00f0in <\/i><\/span><\/span><\/span><span style=\"color: #000000;\"><span style=\"font-family: Times New Roman, serif;\"><span style=\"font-size: medium;\">talo, jossa tehtiin aikoinaan maailmanhistoriaa. Pienten ikkunaruutujen takana kahden suurvallan presidentit, <\/span><\/span><\/span><span style=\"color: #000000;\"><span style=\"font-family: Times New Roman, serif;\"><span style=\"font-size: medium;\"><i>Yhdysvaltain<\/i><\/span><\/span><\/span> <span style=\"color: #000000;\"><span style=\"font-family: Times New Roman, serif;\"><span style=\"font-size: medium;\"><b>Ronald Reagan<\/b><\/span><\/span><\/span> <span style=\"color: #000000;\"><span style=\"font-family: Times New Roman, serif;\"><span style=\"font-size: medium;\">ja <\/span><\/span><\/span><span style=\"color: #000000;\"><span style=\"font-family: Times New Roman, serif;\"><span style=\"font-size: medium;\"><i>Ven\u00e4j\u00e4n<\/i><\/span><\/span><\/span> <span style=\"color: #000000;\"><span style=\"font-family: Times New Roman, serif;\"><span style=\"font-size: medium;\"><b>Mihail Gorbat<\/b><\/span><\/span><\/span><span style=\"color: #000000;\"><span style=\"font-family: Times New Roman, serif;\"><span style=\"font-size: medium;\"><i><b>\u0160<\/b><\/i><\/span><\/span><\/span><span style=\"color: #000000;\"><span style=\"font-family: Times New Roman, serif;\"><span style=\"font-size: medium;\"><b>ov<\/b><\/span><\/span><\/span> <span style=\"color: #000000;\"><span style=\"font-family: Times New Roman, serif;\"><span style=\"font-size: medium;\">p\u00e4\u00e4ttiv\u00e4t vuonna 1986 lopettaa kylm\u00e4n sodan.<\/span><\/span><\/span><\/p>\n<p>&nbsp;<\/p>\n<div id=\"attachment_1550\" style=\"width: 432px\" class=\"wp-caption alignnone\"><img loading=\"lazy\" decoding=\"async\" aria-describedby=\"caption-attachment-1550\" class=\" wp-image-1550\" src=\"https:\/\/i0.wp.com\/matkailutoimittajienkilta.fi\/wp-content\/uploads\/2018\/08\/Konserttitalo-Harpa-0894-300x200.jpg?resize=422%2C281\" alt=\"\" width=\"422\" height=\"281\" srcset=\"https:\/\/i0.wp.com\/www.matkailutoimittajienkilta.fi\/blog\/wp-content\/uploads\/2018\/08\/Konserttitalo-Harpa-0894.jpg?resize=300%2C200&amp;ssl=1 300w, https:\/\/i0.wp.com\/www.matkailutoimittajienkilta.fi\/blog\/wp-content\/uploads\/2018\/08\/Konserttitalo-Harpa-0894.jpg?resize=768%2C512&amp;ssl=1 768w, https:\/\/i0.wp.com\/www.matkailutoimittajienkilta.fi\/blog\/wp-content\/uploads\/2018\/08\/Konserttitalo-Harpa-0894.jpg?resize=1024%2C682&amp;ssl=1 1024w, https:\/\/i0.wp.com\/www.matkailutoimittajienkilta.fi\/blog\/wp-content\/uploads\/2018\/08\/Konserttitalo-Harpa-0894.jpg?w=1404&amp;ssl=1 1404w, https:\/\/i0.wp.com\/www.matkailutoimittajienkilta.fi\/blog\/wp-content\/uploads\/2018\/08\/Konserttitalo-Harpa-0894.jpg?w=2106&amp;ssl=1 2106w\" sizes=\"(max-width: 422px) 100vw, 422px\" data-recalc-dims=\"1\" \/><p id=\"caption-attachment-1550\" class=\"wp-caption-text\">Reykjavikin komea konserttitalo Harpa geometrisine ikkunaruutuineen valmistui kev\u00e4\u00e4ll\u00e4 2011.<\/p><\/div>\n<p class=\"western\"><span style=\"color: #000000;\"><span style=\"font-family: Times New Roman, serif;\"><span style=\"font-size: medium;\"><b>Talous on noussut tuhkasta<\/b><\/span><\/span><\/span><\/p>\n<p class=\"western\"><span style=\"font-family: Times New Roman, serif;\"><span style=\"font-size: medium;\">Islannin talous on maan reilut kymmenkunta vuotta sitten syv\u00e4\u00e4n lamaan sy\u00f6sseen finanssikriisin ja talouslaman j\u00e4lkeen noussut kirjaimellisesti tuhkasta, mik\u00e4 n\u00e4kyy muun muassa kerrostalorypp\u00e4in\u00e4 ja uusina julkisina rakennuksina. <\/span><\/span><\/p>\n<p class=\"western\"><span style=\"color: #000000;\"><span style=\"font-family: Times New Roman, serif;\"><span style=\"font-size: medium;\">Niist\u00e4 n\u00e4ytt\u00e4vin ja puhutuin on vuonna 2011 valmistunut n\u00e4ytt\u00e4v\u00e4 konferenssi- ja konserttitalo<\/span><\/span><\/span> <span style=\"color: #000000;\"><span style=\"font-family: Times New Roman, serif;\"><span style=\"font-size: medium;\"><i>Harpa<\/i><\/span><\/span><\/span> <span style=\"color: #000000;\"><span style=\"font-family: Times New Roman, serif;\"><span style=\"font-size: medium;\">lasisseinineen ja erimuotoisine ikkunoineen. Sen rakentaminen oli tavallaan piste finanssikriisille. Siit\u00e4 l\u00e4htien maan talous alkoi palata normaaleihin uomiinsa.<\/span><\/span><\/span><\/p>\n<p class=\"western\"><span style=\"color: #000000;\"><span style=\"font-family: Times New Roman, serif;\"><span style=\"font-size: medium;\">Harpan takana on idyllinen vanha satama ja lounaispuolella sis\u00e4maan puolella puiston ja k\u00e4velypolkujen ymp\u00e4r\u00f6im\u00e4n matalan<\/span><\/span><\/span> <span style=\"color: #000000;\"><span style=\"font-family: Times New Roman, serif;\"><span style=\"font-size: medium;\"><i>Tj\u00f6rninlammen<\/i><\/span><\/span><\/span> <span style=\"color: #000000;\"><span style=\"font-family: Times New Roman, serif;\"><span style=\"font-size: medium;\">rannalla moderni kaupungintalo, jonka vihersein\u00e4t el\u00e4v\u00f6itt\u00e4v\u00e4t modernin suoralinjaista ja askeettista rakennusta. \u00a0<\/span><\/span><\/span><\/p>\n<p class=\"western\"><span style=\"color: #000000;\"><span style=\"font-family: Times New Roman, serif;\"><span style=\"font-size: medium;\">Muutaman askeleen p\u00e4\u00e4ss\u00e4 <\/span><\/span><\/span><span style=\"color: #000000;\"><span style=\"font-family: Times New Roman, serif;\"><span style=\"font-size: medium;\"><i>Kaupungintalolta<\/i><\/span><\/span><\/span> <span style=\"color: #000000;\"><span style=\"font-family: Times New Roman, serif;\"><span style=\"font-size: medium;\">kulkija p\u00e4\u00e4tyy v\u00e4rikk\u00e4iden ja idyllisten puutalojen \u00a0t\u00e4plitt\u00e4m\u00e4\u00e4n vanhaan kaupunkiin, jonka loppukes\u00e4n auringonpaisteiset terassit houkuttelevat istahtamaan tuopilliselle, kahvikupilliselle tai lounasp\u00f6yt\u00e4\u00e4n muiden matkailijoiden seuraan. <\/span><\/span><\/span><\/p>\n<h3 class=\"western\"><span style=\"color: #0000ff;\"><span style=\"font-family: Times New Roman, serif;\"><span style=\"font-size: large;\"><b>\u00a0 \u00a0 \u00a0<\/b><\/span><\/span><\/span><\/h3>\n<h3 class=\"western\"><span style=\"color: #0000ff;\"><span style=\"font-family: Times New Roman, serif;\"><span style=\"font-size: large;\"><b> \u00a0 \u00a0 \u00a0 \u00a0 \u00a0 \u00a0 \u00a0Kiinalaisten pys\u00e4hdys Helsingiss\u00e4 ennen jatkoa Keski-Eurooppaan<\/b><\/span><\/span><\/span><span style=\"color: #0000ff;\"><b> <\/b><span style=\"font-family: 'Times New Roman', serif;\"><span style=\"font-size: large;\"><b>vet\u00e4\u00e4\u00a0 \u00a0 \u00a0 \u00a0 \u00a0 \u00a0 \u00a0 \u00a0 \u00a0 \u00a0 \u00a0 \u00a0 \u00a0 \u00a0 \u00a0 \u00a0vertoja Islannin stop-overille.<\/b><\/span><\/span><\/span><\/h3>\n<p>&nbsp;<\/p>\n<p class=\"western\"><span style=\"font-family: Times New Roman, serif;\"><span style=\"font-size: medium;\">Ravintoloista, kahviloista tai turisteista ole puutetta. Aina ei onni kuitenkaan suosi matkailijaa kirkkaan auringonpaisteen muodossa. Islanti on keskell\u00e4 suurta valtamerta alttiina sateelle, tuulille ja sumuverhoille, mik\u00e4 kannattaa muistaa suunnitelmia laadittaessa. <\/span><\/span><\/p>\n<p class=\"western\"><span style=\"font-family: Times New Roman, serif;\"><span style=\"font-size: medium;\"><b>Meri, tulivuoret, geysirit ja revontulet<\/b><\/span><\/span><\/p>\n<p class=\"western\"><span style=\"font-family: Times New Roman, serif;\"><span style=\"font-size: medium;\">Islannin kiistattomia matkailuvaltteja ovat p\u00e4rskyv\u00e4 meri valasretkineen, tulivuoret ja kuumat l\u00e4hteet, \u00a0sek\u00e4 taivaalliset ilotulitukset eli revontulet. Niit\u00e4 markkinoidaan voimallisesti. Satama n\u00e4kyi olevan t\u00e4ynn\u00e4 valaiden katseluun tarkoitettuja aluksia, sek\u00e4 pienempi\u00e4 ett\u00e4 isompia. <\/span><\/span><\/p>\n<div id=\"attachment_1551\" style=\"width: 432px\" class=\"wp-caption alignnone\"><img loading=\"lazy\" decoding=\"async\" aria-describedby=\"caption-attachment-1551\" class=\" wp-image-1551\" src=\"https:\/\/i0.wp.com\/matkailutoimittajienkilta.fi\/wp-content\/uploads\/2018\/08\/Valasn\u00e4yttelyn-j\u00e4ttil\u00e4siten-joukossa-0924-300x200.jpg?resize=422%2C281\" alt=\"\" width=\"422\" height=\"281\" srcset=\"https:\/\/i0.wp.com\/www.matkailutoimittajienkilta.fi\/blog\/wp-content\/uploads\/2018\/08\/Valasn\u00e4yttelyn-j\u00e4ttil\u00e4siten-joukossa-0924.jpg?resize=300%2C200&amp;ssl=1 300w, https:\/\/i0.wp.com\/www.matkailutoimittajienkilta.fi\/blog\/wp-content\/uploads\/2018\/08\/Valasn\u00e4yttelyn-j\u00e4ttil\u00e4siten-joukossa-0924.jpg?resize=768%2C512&amp;ssl=1 768w, https:\/\/i0.wp.com\/www.matkailutoimittajienkilta.fi\/blog\/wp-content\/uploads\/2018\/08\/Valasn\u00e4yttelyn-j\u00e4ttil\u00e4siten-joukossa-0924.jpg?resize=1024%2C683&amp;ssl=1 1024w, https:\/\/i0.wp.com\/www.matkailutoimittajienkilta.fi\/blog\/wp-content\/uploads\/2018\/08\/Valasn\u00e4yttelyn-j\u00e4ttil\u00e4siten-joukossa-0924.jpg?w=1404&amp;ssl=1 1404w, https:\/\/i0.wp.com\/www.matkailutoimittajienkilta.fi\/blog\/wp-content\/uploads\/2018\/08\/Valasn\u00e4yttelyn-j\u00e4ttil\u00e4siten-joukossa-0924.jpg?w=2106&amp;ssl=1 2106w\" sizes=\"(max-width: 422px) 100vw, 422px\" data-recalc-dims=\"1\" \/><p id=\"caption-attachment-1551\" class=\"wp-caption-text\">Geymslur-valasmuseo n\u00e4ytt\u00e4\u00e4 merten j\u00e4ttil\u00e4iset aidon kokoisina ja antaa niiden el\u00e4m\u00e4st\u00e4 runsaasti tietoa.<\/p><\/div>\n<p class=\"western\"><span style=\"color: #000000;\"><span style=\"font-family: Times New Roman, serif;\"><span style=\"font-size: medium;\">Suolaisia valtameren p\u00e4rskeit\u00e4 v\u00e4ltt\u00e4v\u00e4n ja muidenkin kannattaa joka tapauksessa suunnata my\u00f6s Reykjavikin <\/span><\/span><\/span><span style=\"color: #000000;\"><span style=\"font-family: Times New Roman, serif;\"><span style=\"font-size: medium;\"><i>Geymslur<\/i><\/span><\/span><\/span><span style=\"color: #000000;\"><span style=\"font-family: Times New Roman, serif;\"><span style=\"font-size: medium;\">-valasmuseoon, jossa saa hyv\u00e4n kuvan Islannin ymp\u00e4rist\u00f6n vesiss\u00e4 asustavista j\u00e4ttil\u00e4ism\u00e4isist\u00e4 el\u00e4imist\u00e4 ja voi tutustua niihin tarkemminkin. Sinisen h\u00e4m\u00e4r\u00e4ss\u00e4 n\u00e4yttelyss\u00e4 valaslajit uivat katosta roikkuen luonnollisen kokoisina, siis SUURINA!<\/span><\/span><\/span><\/p>\n<p class=\"western\"><span style=\"color: #000000;\"><span style=\"font-family: Times New Roman, serif;\"><span style=\"font-size: medium;\">Kuuluisa <\/span><\/span><\/span><span style=\"color: #000000;\"><span style=\"font-family: Times New Roman, serif;\"><span style=\"font-size: medium;\"><i>Sininen \u00a0Laguuni<\/i><\/span><\/span><\/span> <span style=\"color: #000000;\"><span style=\"font-family: Times New Roman, serif;\"><span style=\"font-size: medium;\">j\u00e4i t\u00e4ll\u00e4 reissulla v\u00e4liin. Sinne olisi pit\u00e4nyt hankkia p\u00e4\u00e4sylippu etuk\u00e4teen. Aamukylpy varhaisen lennon j\u00e4lkeen Helsingist\u00e4 ei oikein innostanut, ei my\u00f6sk\u00e4\u00e4n l\u00e4ht\u00f6 seuraavalle seitsem\u00e4n tunnin lennolle Vancouveriin suoraan kylvyn j\u00e4lkeen.<\/span><\/span><\/span><\/p>\n<p class=\"western\"><span style=\"font-family: Times New Roman, serif;\"><span style=\"font-size: medium;\">Sen sijaan puoli p\u00e4iv\u00e4\u00e4 kului mukavasti keskustan k\u00e4velykaduksi muutetulla ostoskadulla muiden turistien joukossa, vaikka hintataso ei shoppailuun suuremmin innostanutkaan. <\/span><\/span><\/p>\n<p class=\"western\"><span style=\"color: #000000;\"><span style=\"font-family: Times New Roman, serif;\"><span style=\"font-size: medium;\"><b>Taivaallinen show<\/b><\/span><\/span><\/span><\/p>\n<p class=\"western\"><span style=\"font-family: Times New Roman, serif;\"><span style=\"font-size: medium;\">Revontulien n\u00e4keminen varmistetaan elokuvan\u00e4yt\u00f6ksill\u00e4, jos niit\u00e4 ei muuten sattuisi n\u00e4kem\u00e4\u00e4n. Icelandair pelasti tosin maan revontulimaineen loistavasti j\u00e4rjest\u00e4m\u00e4ll\u00e4 kotimatkalla Vancouverista Reykjavikiin y\u00f6n pimeydess\u00e4 r\u00e4isk\u00e4htelev\u00e4n upean taivaallisen shown. \u00a0Kapteeni sammutti matkustamosta valot sen ajaksi, jotta mahdollisimman moni olisi p\u00e4\u00e4ssyt el\u00e4myksest\u00e4 osalliseksi. <\/span><\/span><\/p>\n<p class=\"western\"><span style=\"font-family: Times New Roman, serif;\"><span style=\"font-size: medium;\"><b>Kultaisen kolmion geysirit ja vesiputoukset<\/b><\/span><\/span><\/p>\n<p class=\"western\"><span style=\"color: #000000;\"><span style=\"font-family: Times New Roman, serif;\"><span style=\"font-size: medium;\">Jos vain aika riitt\u00e4\u00e4, tarjolla on lis\u00e4ksi monia luontoretki\u00e4. Vaikka kaikkiin ei ehtisik\u00e4\u00e4n, <\/span><\/span><\/span><span style=\"color: #000000;\"><span style=\"font-family: Times New Roman, serif;\"><span style=\"font-size: medium;\"><i>Kultaisen<\/i><\/span><\/span><\/span> <span style=\"color: #000000;\"><span style=\"font-family: Times New Roman, serif;\"><span style=\"font-size: medium;\"><i>kolmion<\/i><\/span><\/span><\/span> <span style=\"color: #000000;\"><span style=\"font-family: Times New Roman, serif;\"><span style=\"font-size: medium;\">klassikkokierros kannattaa silti yritt\u00e4\u00e4 mahduttaa ohjelmaan. Yll\u00e4tt\u00e4v\u00e4sti ilmaan purskahtelevat <\/span><\/span><\/span><span style=\"color: #000000;\"><span style=\"font-family: Times New Roman, serif;\"><span style=\"font-size: medium;\"><i>geysiri<\/i><\/span><\/span><\/span><span style=\"color: #000000;\"><span style=\"font-family: Times New Roman, serif;\"><span style=\"font-size: medium;\">t ker\u00e4\u00e4v\u00e4t ymp\u00e4rilleen joukon ihastuksesta kiljahtelevia turisteja, ja <\/span><\/span><\/span><span style=\"color: #000000;\"><span style=\"font-family: Times New Roman, serif;\"><span style=\"font-size: medium;\"><i>Gullfossin<\/i><\/span><\/span><\/span> <span style=\"color: #000000;\"><span style=\"font-family: Times New Roman, serif;\"><span style=\"font-size: medium;\">vesiputoukset ovat \u00a0l\u00e4hes yht\u00e4 mahtavat kuin<\/span><\/span><\/span> <span style=\"color: #000000;\"><span style=\"font-family: Times New Roman, serif;\"><span style=\"font-size: medium;\"><i>Iguassun<\/i><\/span><\/span><\/span> <span style=\"color: #000000;\"><span style=\"font-family: Times New Roman, serif;\"><span style=\"font-size: medium;\">kuuluisat putoukset<\/span><\/span><\/span> <span style=\"color: #000000;\"><span style=\"font-family: Times New Roman, serif;\"><span style=\"font-size: medium;\"><i>Brasilian<\/i><\/span><\/span><\/span> <span style=\"color: #000000;\"><span style=\"font-family: Times New Roman, serif;\"><span style=\"font-size: medium;\">ja <\/span><\/span><\/span><span style=\"color: #000000;\"><span style=\"font-family: Times New Roman, serif;\"><span style=\"font-size: medium;\"><i>Argentiinan<\/i><\/span><\/span><\/span> <span style=\"color: #000000;\"><span style=\"font-family: Times New Roman, serif;\"><span style=\"font-size: medium;\">rajalla. \u00a0<\/span><\/span><\/span><\/p>\n<div id=\"attachment_1552\" style=\"width: 394px\" class=\"wp-caption alignnone\"><img loading=\"lazy\" decoding=\"async\" aria-describedby=\"caption-attachment-1552\" class=\"wp-image-1552\" src=\"https:\/\/i0.wp.com\/matkailutoimittajienkilta.fi\/wp-content\/uploads\/2018\/08\/Keskustan-v\u00e4rik\u00e4st\u00e4-puutaloidylli\u00e4_0880-300x175.jpg?resize=384%2C224\" alt=\"\" width=\"384\" height=\"224\" srcset=\"https:\/\/i0.wp.com\/www.matkailutoimittajienkilta.fi\/blog\/wp-content\/uploads\/2018\/08\/Keskustan-v\u00e4rik\u00e4st\u00e4-puutaloidylli\u00e4_0880.jpg?resize=300%2C175&amp;ssl=1 300w, https:\/\/i0.wp.com\/www.matkailutoimittajienkilta.fi\/blog\/wp-content\/uploads\/2018\/08\/Keskustan-v\u00e4rik\u00e4st\u00e4-puutaloidylli\u00e4_0880.jpg?resize=768%2C448&amp;ssl=1 768w, https:\/\/i0.wp.com\/www.matkailutoimittajienkilta.fi\/blog\/wp-content\/uploads\/2018\/08\/Keskustan-v\u00e4rik\u00e4st\u00e4-puutaloidylli\u00e4_0880.jpg?resize=1024%2C597&amp;ssl=1 1024w, https:\/\/i0.wp.com\/www.matkailutoimittajienkilta.fi\/blog\/wp-content\/uploads\/2018\/08\/Keskustan-v\u00e4rik\u00e4st\u00e4-puutaloidylli\u00e4_0880.jpg?w=1404&amp;ssl=1 1404w, https:\/\/i0.wp.com\/www.matkailutoimittajienkilta.fi\/blog\/wp-content\/uploads\/2018\/08\/Keskustan-v\u00e4rik\u00e4st\u00e4-puutaloidylli\u00e4_0880.jpg?w=2106&amp;ssl=1 2106w\" sizes=\"(max-width: 384px) 100vw, 384px\" data-recalc-dims=\"1\" \/><p id=\"caption-attachment-1552\" class=\"wp-caption-text\">Reykjavikin vanha kaupunki on t\u00e4ynn\u00e4 v\u00e4rikk\u00e4it\u00e4 puutaloja ja houkuttelevia kahviloita terasseineen.<\/p><\/div>\n<p class=\"western\"><span style=\"color: #000000;\"><span style=\"font-family: Times New Roman, serif;\"><span style=\"font-size: medium;\"><i>Thingvellinin<\/i><\/span><\/span><\/span> <span style=\"color: #000000;\"><span style=\"font-family: Times New Roman, serif;\"><span style=\"font-size: medium;\">kansallispuistossa voi yritt\u00e4\u00e4 kurkistella <\/span><\/span><\/span><span style=\"color: #000000;\"><span style=\"font-family: Times New Roman, serif;\"><span style=\"font-size: medium;\"><i>Euraasian<\/i><\/span><\/span><\/span> <span style=\"color: #000000;\"><span style=\"font-family: Times New Roman, serif;\"><span style=\"font-size: medium;\">ja <\/span><\/span><\/span><span style=\"color: #000000;\"><span style=\"font-family: Times New Roman, serif;\"><span style=\"font-size: medium;\"><i>Pohjois-Amerikan<\/i><\/span><\/span><\/span> <span style=\"color: #000000;\"><span style=\"font-family: Times New Roman, serif;\"><span style=\"font-size: medium;\">mannerlaattojen v\u00e4liseen kuiluun ja tutustua Islannin historian vaiheisiin. <\/span><\/span><\/span><\/p>\n<p class=\"western\"><span style=\"color: #000000;\"><span style=\"font-family: Times New Roman, serif;\"><span style=\"font-size: medium;\">Islanti on siis ehdottomasti ainakin muutaman p\u00e4iv\u00e4n pys\u00e4hdyksen v\u00e4\u00e4rti, samanlainen el\u00e4mys meille kuin ep\u00e4ilem\u00e4tt\u00e4 <\/span><\/span><\/span><span style=\"color: #000000;\"><span style=\"font-family: Times New Roman, serif;\"><span style=\"font-size: medium;\"><i>Suomi<\/i><\/span><\/span><\/span> <span style=\"color: #000000;\"><span style=\"font-family: Times New Roman, serif;\"><span style=\"font-size: medium;\">on <\/span><\/span><\/span><span style=\"color: #000000;\"><span style=\"font-family: Times New Roman, serif;\"><span style=\"font-size: medium;\"><i>Keski-Eurooppaan<\/i><\/span><\/span><\/span> <span style=\"color: #000000;\"><span style=\"font-family: Times New Roman, serif;\"><span style=\"font-size: medium;\">suuntaaville kiinalaisturisteille. <\/span><\/span><\/span><\/p>\n<p class=\"western\">\n","protected":false},"excerpt":{"rendered":"<p>Islandairin tarjoama stop over -palvelu on saanut lukemattomat Euroopan ja Pohjois-Amerikan v\u00e4li\u00e4 lent\u00e4v\u00e4t matkustajat pys\u00e4htym\u00e4\u00e4n Islannissa ja ainakin sen vieh\u00e4tt\u00e4v\u00e4ss\u00e4 p\u00e4\u00e4kaupungissa Reykjavikissa \u2013 jopa siin\u00e4 m\u00e4\u00e4rin, ett\u00e4 sadattuhannet turistit ovat alkaneet h\u00e4irit\u00e4 pienen maan arkip\u00e4iv\u00e4\u00e4. Teksti ja kuvat Marja-Liisa Kinturi Raha on silti aina tervetullutta ja vieraat toivotetaan hymysuin tervetulleiksi. Parin p\u00e4iv\u00e4n pys\u00e4hdys katkaisemassa \u00a0tukahduttavan<\/p>\n<div class=\"read-more\"><a href=\"https:\/\/www.matkailutoimittajienkilta.fi\/blog\/maailman-pohjoista-lansilaitaa-haravoimassa-osa-1-reykjavik-islanti\/\" title=\"Read More\">Read More<\/a><\/div>\n","protected":false},"author":15,"featured_media":1549,"comment_status":"closed","ping_status":"closed","sticky":false,"template":"","format":"standard","meta":{"footnotes":""},"categories":[121],"tags":[213,211,182,212],"jetpack_sharing_enabled":true,"jetpack_featured_media_url":"https:\/\/i0.wp.com\/www.matkailutoimittajienkilta.fi\/blog\/wp-content\/uploads\/2018\/08\/Gulfossin-mahtavat-putoukset-1115.jpg?fit=5472%2C3648&ssl=1","_links":{"self":[{"href":"https:\/\/www.matkailutoimittajienkilta.fi\/blog\/wp-json\/wp\/v2\/posts\/1545"}],"collection":[{"href":"https:\/\/www.matkailutoimittajienkilta.fi\/blog\/wp-json\/wp\/v2\/posts"}],"about":[{"href":"https:\/\/www.matkailutoimittajienkilta.fi\/blog\/wp-json\/wp\/v2\/types\/post"}],"author":[{"embeddable":true,"href":"https:\/\/www.matkailutoimittajienkilta.fi\/blog\/wp-json\/wp\/v2\/users\/15"}],"replies":[{"embeddable":true,"href":"https:\/\/www.matkailutoimittajienkilta.fi\/blog\/wp-json\/wp\/v2\/comments?post=1545"}],"version-history":[{"count":12,"href":"https:\/\/www.matkailutoimittajienkilta.fi\/blog\/wp-json\/wp\/v2\/posts\/1545\/revisions"}],"predecessor-version":[{"id":1562,"href":"https:\/\/www.matkailutoimittajienkilta.fi\/blog\/wp-json\/wp\/v2\/posts\/1545\/revisions\/1562"}],"wp:featuredmedia":[{"embeddable":true,"href":"https:\/\/www.matkailutoimittajienkilta.fi\/blog\/wp-json\/wp\/v2\/media\/1549"}],"wp:attachment":[{"href":"https:\/\/www.matkailutoimittajienkilta.fi\/blog\/wp-json\/wp\/v2\/media?parent=1545"}],"wp:term":[{"taxonomy":"category","embeddable":true,"href":"https:\/\/www.matkailutoimittajienkilta.fi\/blog\/wp-json\/wp\/v2\/categories?post=1545"},{"taxonomy":"post_tag","embeddable":true,"href":"https:\/\/www.matkailutoimittajienkilta.fi\/blog\/wp-json\/wp\/v2\/tags?post=1545"}],"curies":[{"name":"wp","href":"https:\/\/api.w.org\/{rel}","templated":true}]}}