{"id":106,"date":"2017-09-19T17:21:39","date_gmt":"2017-09-19T15:21:39","guid":{"rendered":"http:\/\/35.156.251.224\/?p=106"},"modified":"2018-01-08T14:42:59","modified_gmt":"2018-01-08T12:42:59","slug":"venajan-matkailu-romahtaa-ukrainan-takia","status":"publish","type":"post","link":"https:\/\/www.matkailutoimittajienkilta.fi\/blog\/venajan-matkailu-romahtaa-ukrainan-takia\/","title":{"rendered":"Ven\u00e4j\u00e4n matkailu romahtaa Ukrainan takia"},"content":{"rendered":"<table class=\"content_table\">\n<tbody>\n<tr class=\"content_table\">\n<td class=\"content_table\">\n<div id=\"blogpost9\">\n<h1><a href=\"https:\/\/www.matkailutoimittajienkilta.fi\/blog\/blogi\/2014\/05\/22\/9\">Ven\u00e4j\u00e4n matkailu romahtaa Ukrainan takia<\/a><\/h1>\n<p class=\"blog_date\">Torstai\u00a022.5.2014 klo 10:15\u00a0&#8211; Reijo H\u00e4rk\u00f6nen<\/p>\n<p>PIETARI \u2013 Tuleva matkailukausi pelottaa Ven\u00e4j\u00e4n matkailualaa. Ukrainan kriisin ja Krimin miehityksen vuoksi peruutuksia on tullut paljon, ja tulevan kauden varaustilanne on monen yritt\u00e4j\u00e4n mukaan katastrofaalinen.<\/p>\n<p>Keskustelemme aiheesta Pietarissa Sokos-hotellien ja laivayhti\u00f6 St Peter Linen edustajien kanssa. Matkailuyritt\u00e4jille peruutukset ja kielteinen ilmapiiri tulivat osin yll\u00e4tyksen\u00e4. Ukraina on kaukana, mutta ihmisten Ven\u00e4j\u00e4-vastaisuus tuli yll\u00e4tt\u00e4en. Tosin jos kaikkia Ven\u00e4j\u00e4\u00e4 arvostelevia nimitet\u00e4\u00e4n nyky\u00e4\u00e4n Ven\u00e4j\u00e4ll\u00e4 fasisteiksi, ei ole ihme, jos \u201dfasistit\u201d eli me eiv\u00e4t v\u00e4ltt\u00e4m\u00e4tt\u00e4 halua matkustaa Ven\u00e4j\u00e4lle.<\/p>\n<p>Sokos-hotelli Vasiljevskin markkinointijohtaja Hanna Tiitola totesi Pietarissa vierailleelle journalistiryhm\u00e4lle, ett\u00e4 kes\u00e4n matkailu ei n\u00e4yt\u00e4 lainkaan hyv\u00e4lt\u00e4. Kyse on Ven\u00e4j\u00e4n imagosta, vaikka tilanne Ven\u00e4j\u00e4ll\u00e4 ei ole muuttunut mihink\u00e4\u00e4n aikaisempaan verrattuna. Moni matkailija haluaa osoittaa k\u00e4ytt\u00e4ytymisell\u00e4\u00e4n, ettei hyv\u00e4ksy Vladimir Putinin v\u00e4kivaltapolitiikkaa ja j\u00e4tt\u00e4\u00e4 nyt Ven\u00e4j\u00e4n-matkan v\u00e4liin, siit\u00e4kin huolimatta, ett\u00e4 rupla on nyt matkailijalle edullisempi kuin koskaan. Vuosi sitten eurolla sai 38 ruplaa, nyt 50.<\/p>\n<p>My\u00f6s Suomen suuntaan matkailu on vaikeuksissa. Euro on kallis ven\u00e4l\u00e4isille, ja monet pelk\u00e4\u00e4v\u00e4t ihmisten suhtautumista ven\u00e4l\u00e4isiin turisteihin. Tuohan n\u00e4htiin hyvin konkreettisesti K\u00f6\u00f6penhaminan euroviisuissa: sellaista buuausmyrsky\u00e4 Ven\u00e4j\u00e4\u00e4 vastaan ei ole koettu miss\u00e4\u00e4n!<\/p>\n<p>Tulevaisuutemme ei ole meid\u00e4n k\u00e4siss\u00e4mme, toteamme Pietarissa. Matkailun ja suhteiden kehitys on isompien hallussa. Ven\u00e4j\u00e4 olisi turistille nyt halpa ja ruuhkaton kohde. Mutta kuka uskaltaa l\u00e4hte\u00e4, koska se voitaisiin kokea tueksi Kremlin politiikalle.<\/p>\n<p>Ei ole ensimm\u00e4inen kerta, kun matkailu on kompastunut poliitikkojen kaivamaan kuoppaan, oli syyt\u00e4 tai ei.<\/p>\n<\/div>\n<\/td>\n<\/tr>\n<\/tbody>\n<\/table>\n","protected":false},"excerpt":{"rendered":"<p>Ven\u00e4j\u00e4n matkailu romahtaa Ukrainan takia Torstai\u00a022.5.2014 klo 10:15\u00a0&#8211; Reijo H\u00e4rk\u00f6nen PIETARI \u2013 Tuleva matkailukausi pelottaa Ven\u00e4j\u00e4n matkailualaa. Ukrainan kriisin ja Krimin miehityksen vuoksi peruutuksia on tullut paljon, ja tulevan kauden varaustilanne on monen yritt\u00e4j\u00e4n mukaan katastrofaalinen. Keskustelemme aiheesta Pietarissa Sokos-hotellien ja laivayhti\u00f6 St Peter Linen edustajien kanssa. Matkailuyritt\u00e4jille peruutukset ja kielteinen ilmapiiri tulivat osin yll\u00e4tyksen\u00e4.<\/p>\n<div class=\"read-more\"><a href=\"https:\/\/www.matkailutoimittajienkilta.fi\/blog\/venajan-matkailu-romahtaa-ukrainan-takia\/\" title=\"Read More\">Read More<\/a><\/div>\n","protected":false},"author":15,"featured_media":103,"comment_status":"open","ping_status":"open","sticky":false,"template":"","format":"standard","meta":{"footnotes":""},"categories":[36],"tags":[72,45],"jetpack_sharing_enabled":true,"jetpack_featured_media_url":"https:\/\/i0.wp.com\/www.matkailutoimittajienkilta.fi\/blog\/wp-content\/uploads\/2017\/09\/reijo_venaja.png?fit=802%2C526&ssl=1","_links":{"self":[{"href":"https:\/\/www.matkailutoimittajienkilta.fi\/blog\/wp-json\/wp\/v2\/posts\/106"}],"collection":[{"href":"https:\/\/www.matkailutoimittajienkilta.fi\/blog\/wp-json\/wp\/v2\/posts"}],"about":[{"href":"https:\/\/www.matkailutoimittajienkilta.fi\/blog\/wp-json\/wp\/v2\/types\/post"}],"author":[{"embeddable":true,"href":"https:\/\/www.matkailutoimittajienkilta.fi\/blog\/wp-json\/wp\/v2\/users\/15"}],"replies":[{"embeddable":true,"href":"https:\/\/www.matkailutoimittajienkilta.fi\/blog\/wp-json\/wp\/v2\/comments?post=106"}],"version-history":[{"count":2,"href":"https:\/\/www.matkailutoimittajienkilta.fi\/blog\/wp-json\/wp\/v2\/posts\/106\/revisions"}],"predecessor-version":[{"id":108,"href":"https:\/\/www.matkailutoimittajienkilta.fi\/blog\/wp-json\/wp\/v2\/posts\/106\/revisions\/108"}],"wp:featuredmedia":[{"embeddable":true,"href":"https:\/\/www.matkailutoimittajienkilta.fi\/blog\/wp-json\/wp\/v2\/media\/103"}],"wp:attachment":[{"href":"https:\/\/www.matkailutoimittajienkilta.fi\/blog\/wp-json\/wp\/v2\/media?parent=106"}],"wp:term":[{"taxonomy":"category","embeddable":true,"href":"https:\/\/www.matkailutoimittajienkilta.fi\/blog\/wp-json\/wp\/v2\/categories?post=106"},{"taxonomy":"post_tag","embeddable":true,"href":"https:\/\/www.matkailutoimittajienkilta.fi\/blog\/wp-json\/wp\/v2\/tags?post=106"}],"curies":[{"name":"wp","href":"https:\/\/api.w.org\/{rel}","templated":true}]}}