{"id":102,"date":"2017-09-19T17:18:24","date_gmt":"2017-09-19T15:18:24","guid":{"rendered":"http:\/\/35.156.251.224\/?p=102"},"modified":"2018-01-08T15:06:00","modified_gmt":"2018-01-08T13:06:00","slug":"tartutaan-tarinoihin","status":"publish","type":"post","link":"https:\/\/www.matkailutoimittajienkilta.fi\/blog\/tartutaan-tarinoihin\/","title":{"rendered":"Tartutaan tarinoihin!"},"content":{"rendered":"<table class=\"content_table\">\n<tbody>\n<tr class=\"content_table\">\n<td class=\"content_table\">\n<div id=\"blogpost10\">\n<h1 class=\"single_post\">Tartutaan tarinoihin!<\/h1>\n<p class=\"blog_date\">Keskiviikko\u00a08.10.2014 klo 11:28\u00a0&#8211; Marja-Liisa Kinturi<\/p>\n<div id=\"content2\">\n<p>Tarinoiden voimaa matkailussa todistavat my\u00f6s monet kirjat, joiden kuuluisat hahmot\u00a0<b>Sherlock Holmesista Kurt Wallanderiin<\/b>\u00a0vet\u00e4v\u00e4t matkailijoita kirjojen kuvitelluille tapahtumapaikoille.\u00a0<b><i>Mondon\u00a0<\/i><\/b>mainio\u00a0<i>Islannin matkaopaskirja<\/i>\u00a0johdattelee sekin k\u00e4vij\u00f6it\u00e4 trollien maahan, noitien Holmavikiin ja saagojen sankareiden kotikonnuille. Mit\u00e4 siell\u00e4 on katsottavaa muuta kuin upeat maisemat \u2013 ja tietysti matkailua hy\u00f6dynt\u00e4v\u00e4t palvelut kahviloineen, majataloineen ja matkamuistomyym\u00e4l\u00f6ineen?<\/p>\n<p>Kalliomaisemassa korostuva erikoisen muotoinen kivi tai v\u00e4nkyr\u00e4 m\u00e4nty on hyv\u00e4 l\u00e4ht\u00f6kohta tarinalle, jonka ansiosta sen eteen pys\u00e4htyy matkailijajoukko toisensa j\u00e4lkeen tarinaa kuulemaan ja ihmettelem\u00e4\u00e4n. Niin itsekin taannoin Teneriffalla.<\/p>\n<p>Savonlinnan Kyr\u00f6nsalmessa on saari nimelt\u00e4 Hirsipuusaari. Siell\u00e4 on tiett\u00e4v\u00e4sti joskus hirtetty ihmisi\u00e4, mutta hirsipuusta ei ole en\u00e4\u00e4 tietoakaan. Miksi tarinaa ei hy\u00f6dynnet\u00e4 matkailussa? Se voisi tuoda pienen j\u00e4nnitt\u00e4v\u00e4n lis\u00e4mausteen Savonlinnan matkailuun,\u00a0 jos sit\u00e4 haluttaisiin k\u00e4ytt\u00e4\u00e4 hyv\u00e4ksi. Vai onko historiallinen fakta, ett\u00e4 linnanneito haudattiin el\u00e4v\u00e4lt\u00e4 Olavinlinnan muuriin? Muistan tarinan lapsuudestani ensimm\u00e4iselt\u00e4 k\u00e4ynnilt\u00e4 Olavinlinnassa. Se j\u00e4i mieleen ja sen kautta koko Olavinlinna. Sittemmin muurin kivien raossa ei ole en\u00e4\u00e4 kasvanut pihlajaa. Sinne olisi varmaan voinut istuttaa sellaisen uudestaan, vai oliko se 1950-luvun pihlaja muka saanut alkunsa viattoman neidon syd\u00e4nverest\u00e4? Eik\u00e4 pihalla k\u00e4yskentele en\u00e4\u00e4 linnan aikoinaan pelastanut musta p\u00e4ssik\u00e4\u00e4n. Se on j\u00e4hmettynyt patsaaksi linnan puistoon. Viimeinen el\u00e4v\u00e4 p\u00e4ssi tiett\u00e4v\u00e4sti putosi vuolaaseen virtaan ja hukkui jo 1700-luvulla, mutta viel\u00e4 1950-luvulla yksi sen j\u00e4lkel\u00e4isist\u00e4 tepasteli siell\u00e4 ruohotupsu suussaan. Ei en\u00e4\u00e4. Miksi?<\/p>\n<p>Olemmeko me suomalaiset kerta kaikkiaan liian rehellisi\u00e4? Eih\u00e4n tuossa ole mit\u00e4\u00e4n katsottavaa. Ei siell\u00e4 ole mit\u00e4\u00e4n j\u00e4\u00e4nteit\u00e4 hirsipuusta &#8211; jos sellaista on koskaan edes siell\u00e4 ollutkaan. Ja se, ett\u00e4 tunnettu kirjailija tai taiteilija piti tietty\u00e4 kuppilaa kantapaikkanaan &#8211; ket\u00e4 kiinnostaa? Eih\u00e4n h\u00e4n siell\u00e4 en\u00e4\u00e4 k\u00e4y. Ollut mullan alla jo varmaan ainakin sata vuotta.\u00a0<b>Kafkan<\/b>\u00a0kahvila Prahassa on kuitenkin jatkuvasti tupaten t\u00e4ynn\u00e4. (No, tietysti kyse on maailmanlaajuisesti tunnetusta ja ristiriitaisestakin persoonasta, mutta kyll\u00e4 vastaavia l\u00f6ytyy Suomestakin.)<\/p>\n<p>Jokaisen matkailijoita havittelevan kyl\u00e4n ja kaupungin kannattaisi kaivella n\u00e4it\u00e4 tarinoita historiastaan ja rakentaa niiden varaan elinvoimaisempaa matkailubisnest\u00e4. El\u00e4k\u00f6\u00f6n Suomi tarinoista!<\/p>\n<\/div>\n<\/div>\n<\/td>\n<\/tr>\n<\/tbody>\n<\/table>\n","protected":false},"excerpt":{"rendered":"<p>Tartutaan tarinoihin! Keskiviikko\u00a08.10.2014 klo 11:28\u00a0&#8211; Marja-Liisa Kinturi Tarinoiden voimaa matkailussa todistavat my\u00f6s monet kirjat, joiden kuuluisat hahmot\u00a0Sherlock Holmesista Kurt Wallanderiin\u00a0vet\u00e4v\u00e4t matkailijoita kirjojen kuvitelluille tapahtumapaikoille.\u00a0Mondon\u00a0mainio\u00a0Islannin matkaopaskirja\u00a0johdattelee sekin k\u00e4vij\u00f6it\u00e4 trollien maahan, noitien Holmavikiin ja saagojen sankareiden kotikonnuille. Mit\u00e4 siell\u00e4 on katsottavaa muuta kuin upeat maisemat \u2013 ja tietysti matkailua hy\u00f6dynt\u00e4v\u00e4t palvelut kahviloineen, majataloineen ja matkamuistomyym\u00e4l\u00f6ineen? Kalliomaisemassa korostuva<\/p>\n<div class=\"read-more\"><a href=\"https:\/\/www.matkailutoimittajienkilta.fi\/blog\/tartutaan-tarinoihin\/\" title=\"Read More\">Read More<\/a><\/div>\n","protected":false},"author":15,"featured_media":378,"comment_status":"open","ping_status":"open","sticky":false,"template":"","format":"standard","meta":{"footnotes":""},"categories":[36],"tags":[73],"jetpack_sharing_enabled":true,"jetpack_featured_media_url":"https:\/\/i0.wp.com\/www.matkailutoimittajienkilta.fi\/blog\/wp-content\/uploads\/2017\/09\/devils-head-1172394_1920.jpg?fit=1920%2C1280&ssl=1","_links":{"self":[{"href":"https:\/\/www.matkailutoimittajienkilta.fi\/blog\/wp-json\/wp\/v2\/posts\/102"}],"collection":[{"href":"https:\/\/www.matkailutoimittajienkilta.fi\/blog\/wp-json\/wp\/v2\/posts"}],"about":[{"href":"https:\/\/www.matkailutoimittajienkilta.fi\/blog\/wp-json\/wp\/v2\/types\/post"}],"author":[{"embeddable":true,"href":"https:\/\/www.matkailutoimittajienkilta.fi\/blog\/wp-json\/wp\/v2\/users\/15"}],"replies":[{"embeddable":true,"href":"https:\/\/www.matkailutoimittajienkilta.fi\/blog\/wp-json\/wp\/v2\/comments?post=102"}],"version-history":[{"count":6,"href":"https:\/\/www.matkailutoimittajienkilta.fi\/blog\/wp-json\/wp\/v2\/posts\/102\/revisions"}],"predecessor-version":[{"id":822,"href":"https:\/\/www.matkailutoimittajienkilta.fi\/blog\/wp-json\/wp\/v2\/posts\/102\/revisions\/822"}],"wp:featuredmedia":[{"embeddable":true,"href":"https:\/\/www.matkailutoimittajienkilta.fi\/blog\/wp-json\/wp\/v2\/media\/378"}],"wp:attachment":[{"href":"https:\/\/www.matkailutoimittajienkilta.fi\/blog\/wp-json\/wp\/v2\/media?parent=102"}],"wp:term":[{"taxonomy":"category","embeddable":true,"href":"https:\/\/www.matkailutoimittajienkilta.fi\/blog\/wp-json\/wp\/v2\/categories?post=102"},{"taxonomy":"post_tag","embeddable":true,"href":"https:\/\/www.matkailutoimittajienkilta.fi\/blog\/wp-json\/wp\/v2\/tags?post=102"}],"curies":[{"name":"wp","href":"https:\/\/api.w.org\/{rel}","templated":true}]}}